{"id":63921,"date":"2020-07-08T12:35:50","date_gmt":"2020-07-08T15:35:50","guid":{"rendered":"https:\/\/www.actualidadadiario.com\/?p=63921"},"modified":"2020-07-08T12:35:50","modified_gmt":"2020-07-08T15:35:50","slug":"macri-reaparecera-en-publico-en-una-conferencia-sobre-latinoamerica","status":"publish","type":"post","link":"https:\/\/www.actualidadadiario.com\/index.php\/2020\/07\/08\/macri-reaparecera-en-publico-en-una-conferencia-sobre-latinoamerica\/","title":{"rendered":"Macri reaparecer\u00e1 en p\u00fablico en una conferencia sobre Latinoam\u00e9rica"},"content":{"rendered":"<p style=\"text-align: center;\"><em><strong>El expresidente volver\u00e1 a la escena p\u00fablica en una entrevista con el periodista peruano \u00c1lvaro Vargas Llosa organizada por el portal chileno La Otra Mirada<\/strong><\/em><\/p>\n<p>&nbsp;<\/p>\n<p>El expresidente Mauricio Macri volver\u00e1 a la escena p\u00fablica hoy, para participar de una charla virtual sobre Latinoam\u00e9rica, en una entrevista con el periodista peruano \u00c1lvaro Vargas Llosa organizada por el portal chileno laotramirada.com.<\/p>\n<p>As\u00ed lo confirmaron desde el entorno del exmandatario, y la informaci\u00f3n fue publicada tambi\u00e9n en las redes sociales y la p\u00e1gina web de la plataforma.<\/p>\n<p>La cita ser\u00e1 a las 19.30, hora de la Argentina (18.30 de Chile), seg\u00fan anuncia el portal en su perfil de la red social de Twitter, donde promociona la convocatoria, titulada &#8220;La otra mirada de Latinoam\u00e9rica&#8221;.<\/p>\n<p>Se trata de una conversaci\u00f3n entre el exmandatario argentino y el periodista \u00c1lvaro Vargas Llosa, hijo del escritor Mario Vargas Llosa.<\/p>\n<p>&#8220;\u00bfC\u00f3mo ha sobrevivido el r\u00e9gimen venezolano? \u00bfQu\u00e9 hace falta para que caiga Maduro? \u00bfC\u00f3mo afecta la #Pandemia la relaci\u00f3n entre Argentina y Brasil? \u00bfC\u00f3mo ser\u00e1 la vida post #Coronavirus? #LaOtraMirada de Latinoam\u00e9rica con @mauriciomacri&#8221;, es uno de los posteos de esa plataforma en Twitter.<\/p>\n<p>Desde hace varios d\u00edas, el portal anuncia la entrevista, en publicaciones que incluyen un video que resume la vida de Macri y lo presentan como &#8220;ingeniero, empresario, hincha de Boca, dirigente deportivo, diputado, alcalde de Buenos Aires y Presidente de Argentina&#8221;.<\/p>\n<p>All\u00ed se se\u00f1ala que se trata de la 16\u00b0 conversaci\u00f3n p\u00fablica que organiza esa plataforma, a cargo de Nicol\u00e1s Iba\u00f1ez Scott, un empresario y fil\u00e1ntropo chileno.<\/p>\n<p>&#8220;La otra mirada&#8221; se presenta en su p\u00e1gina como una plataforma &#8220;destinada a provocar una reflexi\u00f3n sana, abierta y en libertad&#8221;.<\/p>\n<p>&#8220;Un espacio para debatir distintas miradas y generar una instancia donde se promueva el pensamiento cr\u00edtico y el debate sobre temas de inter\u00e9s p\u00fablico&#8221;, agrega la organizaci\u00f3n.<\/p>\n<p>En su web se pueden ver otras entrevistas virtuales -realizadas en pleno aislamiento por la pandemia de coronavirus- a personalidades internacionales como el economista, fil\u00f3sofo y autor franc\u00e9s Guy Sorman; el exvicepresidente de Colombia y general retirado que negoci\u00f3 la paz con las FARC, \u00d3scar Naranjo; y el propio Vargas Llosa padre, premio Nobel de Literatura.<\/p>\n","protected":false},"excerpt":{"rendered":"<p>El expresidente volver\u00e1 a la escena p\u00fablica en una entrevista con el periodista peruano \u00c1lvaro Vargas Llosa organizada por el portal chileno La Otra Mirada &nbsp; El expresidente Mauricio Macri volver\u00e1 a la escena p\u00fablica hoy, para participar de una charla virtual sobre Latinoam\u00e9rica, en una entrevista con el periodista peruano \u00c1lvaro Vargas Llosa organizada por el portal chileno laotramirada.com. As\u00ed lo confirmaron desde el entorno del exmandatario, y la informaci\u00f3n fue publicada tambi\u00e9n en las redes sociales y la p\u00e1gina web de la plataforma. La cita ser\u00e1 a las&#8230;<\/p>\n","protected":false},"author":3,"featured_media":63922,"comment_status":"closed","ping_status":"closed","sticky":false,"template":"","format":"standard","meta":[],"categories":[18],"tags":[],"_links":{"self":[{"href":"https:\/\/www.actualidadadiario.com\/index.php\/wp-json\/wp\/v2\/posts\/63921"}],"collection":[{"href":"https:\/\/www.actualidadadiario.com\/index.php\/wp-json\/wp\/v2\/posts"}],"about":[{"href":"https:\/\/www.actualidadadiario.com\/index.php\/wp-json\/wp\/v2\/types\/post"}],"author":[{"embeddable":true,"href":"https:\/\/www.actualidadadiario.com\/index.php\/wp-json\/wp\/v2\/users\/3"}],"replies":[{"embeddable":true,"href":"https:\/\/www.actualidadadiario.com\/index.php\/wp-json\/wp\/v2\/comments?post=63921"}],"version-history":[{"count":1,"href":"https:\/\/www.actualidadadiario.com\/index.php\/wp-json\/wp\/v2\/posts\/63921\/revisions"}],"predecessor-version":[{"id":63923,"href":"https:\/\/www.actualidadadiario.com\/index.php\/wp-json\/wp\/v2\/posts\/63921\/revisions\/63923"}],"wp:featuredmedia":[{"embeddable":true,"href":"https:\/\/www.actualidadadiario.com\/index.php\/wp-json\/wp\/v2\/media\/63922"}],"wp:attachment":[{"href":"https:\/\/www.actualidadadiario.com\/index.php\/wp-json\/wp\/v2\/media?parent=63921"}],"wp:term":[{"taxonomy":"category","embeddable":true,"href":"https:\/\/www.actualidadadiario.com\/index.php\/wp-json\/wp\/v2\/categories?post=63921"},{"taxonomy":"post_tag","embeddable":true,"href":"https:\/\/www.actualidadadiario.com\/index.php\/wp-json\/wp\/v2\/tags?post=63921"}],"curies":[{"name":"wp","href":"https:\/\/api.w.org\/{rel}","templated":true}]}}