{"id":63916,"date":"2020-07-08T12:34:09","date_gmt":"2020-07-08T15:34:09","guid":{"rendered":"https:\/\/www.actualidadadiario.com\/?p=63916"},"modified":"2020-07-08T12:34:09","modified_gmt":"2020-07-08T15:34:09","slug":"parrilli-afirmo-que-cerrar-la-grieta-no-tiene-que-significar-olvidarse-de-todo-lo-que-paso","status":"publish","type":"post","link":"https:\/\/www.actualidadadiario.com\/index.php\/2020\/07\/08\/parrilli-afirmo-que-cerrar-la-grieta-no-tiene-que-significar-olvidarse-de-todo-lo-que-paso\/","title":{"rendered":"Parrilli afirm\u00f3 que cerrar la grieta no tiene que significar olvidarse de todo lo que pas\u00f3"},"content":{"rendered":"<p style=\"text-align: center;\"><em><strong>El senador nacional remarc\u00f3 que ahora lo importante son los temas vinculados con la salud de los argentinos<\/strong><\/em><\/p>\n<p>&nbsp;<\/p>\n<p>El senador nacional Oscar Parrilli asegur\u00f3 hoy que si cerrar la grieta &#8220;significa olvidarse de todo y dejar las cosas como est\u00e1n, no&#8221; apoya esa iniciativa del presidente Alberto Fern\u00e1ndez, al tiempo que cuestion\u00f3 la &#8220;exageraci\u00f3n de lo que significa la defensa de ideas y convicciones&#8221; por parte de algunos dirigentes de Juntos por el Cambio.<\/p>\n<p>&#8220;Lo m\u00e1s importante es que salgamos de esta situaci\u00f3n de crisis de salud; en segundo lugar recomponer la situaci\u00f3n de las familias argentinas que dej\u00f3 muy mal el Gobierno macrista.<\/p>\n<p>A veces no entiendo qu\u00e9 significa cerrar la grieta, si significa olvidarse de todo y dejar las cosas como est\u00e1n, \u00a1no! No s\u00e9 a qu\u00e9 se refiere abrir o cerrar la grieta&#8221;, sostuvo el legislador oficialista.<\/p>\n<p>En di\u00e1logo con el programa Todos Juntos de Radio Rivadavia, el neuquino afirm\u00f3 que se trata de &#8220;una discusi\u00f3n sem\u00e1ntica&#8221; y remarc\u00f3 que hay que &#8220;discutir pol\u00edticas concretas&#8221;.<\/p>\n<p>Asimismo, Parrilli se refiri\u00f3 al comunicado de la alianza opositora que defini\u00f3 al crimen de Fabi\u00e1n Guti\u00e9rrez, el ex secretario privado de la vicepresidenta, Cristina Kirchner, como un hecho de &#8220;gravedad institucional&#8221; por tratarse de uno de los arrepentidos en la causa de los cuadernos.<\/p>\n","protected":false},"excerpt":{"rendered":"<p>El senador nacional remarc\u00f3 que ahora lo importante son los temas vinculados con la salud de los argentinos &nbsp; El senador nacional Oscar Parrilli asegur\u00f3 hoy que si cerrar la grieta &#8220;significa olvidarse de todo y dejar las cosas como est\u00e1n, no&#8221; apoya esa iniciativa del presidente Alberto Fern\u00e1ndez, al tiempo que cuestion\u00f3 la &#8220;exageraci\u00f3n de lo que significa la defensa de ideas y convicciones&#8221; por parte de algunos dirigentes de Juntos por el Cambio. &#8220;Lo m\u00e1s importante es que salgamos de esta situaci\u00f3n de crisis de salud; en segundo&#8230;<\/p>\n","protected":false},"author":3,"featured_media":63917,"comment_status":"closed","ping_status":"closed","sticky":false,"template":"","format":"standard","meta":[],"categories":[18],"tags":[],"_links":{"self":[{"href":"https:\/\/www.actualidadadiario.com\/index.php\/wp-json\/wp\/v2\/posts\/63916"}],"collection":[{"href":"https:\/\/www.actualidadadiario.com\/index.php\/wp-json\/wp\/v2\/posts"}],"about":[{"href":"https:\/\/www.actualidadadiario.com\/index.php\/wp-json\/wp\/v2\/types\/post"}],"author":[{"embeddable":true,"href":"https:\/\/www.actualidadadiario.com\/index.php\/wp-json\/wp\/v2\/users\/3"}],"replies":[{"embeddable":true,"href":"https:\/\/www.actualidadadiario.com\/index.php\/wp-json\/wp\/v2\/comments?post=63916"}],"version-history":[{"count":1,"href":"https:\/\/www.actualidadadiario.com\/index.php\/wp-json\/wp\/v2\/posts\/63916\/revisions"}],"predecessor-version":[{"id":63918,"href":"https:\/\/www.actualidadadiario.com\/index.php\/wp-json\/wp\/v2\/posts\/63916\/revisions\/63918"}],"wp:featuredmedia":[{"embeddable":true,"href":"https:\/\/www.actualidadadiario.com\/index.php\/wp-json\/wp\/v2\/media\/63917"}],"wp:attachment":[{"href":"https:\/\/www.actualidadadiario.com\/index.php\/wp-json\/wp\/v2\/media?parent=63916"}],"wp:term":[{"taxonomy":"category","embeddable":true,"href":"https:\/\/www.actualidadadiario.com\/index.php\/wp-json\/wp\/v2\/categories?post=63916"},{"taxonomy":"post_tag","embeddable":true,"href":"https:\/\/www.actualidadadiario.com\/index.php\/wp-json\/wp\/v2\/tags?post=63916"}],"curies":[{"name":"wp","href":"https:\/\/api.w.org\/{rel}","templated":true}]}}