{"id":63913,"date":"2020-07-08T12:33:22","date_gmt":"2020-07-08T15:33:22","guid":{"rendered":"https:\/\/www.actualidadadiario.com\/?p=63913"},"modified":"2020-07-08T12:33:22","modified_gmt":"2020-07-08T15:33:22","slug":"el-gobierno-envio-el-proyecto-de-moratoria-para-todos-al-congreso","status":"publish","type":"post","link":"https:\/\/www.actualidadadiario.com\/index.php\/2020\/07\/08\/el-gobierno-envio-el-proyecto-de-moratoria-para-todos-al-congreso\/","title":{"rendered":"El Gobierno envi\u00f3 el proyecto de &#8220;Moratoria para Todos&#8221; al Congreso"},"content":{"rendered":"<p style=\"text-align: center;\"><em><strong>El gabinete econ\u00f3mico repas\u00f3 los detalles de la norma girada al Parlamento. Incluir\u00e1 todas las deudas vencidas hasta el 30 de junio. El plazo para la adhesi\u00f3n ser\u00e1 hasta el 31 de octubre de 2020<\/strong><\/em><\/p>\n<p>&nbsp;<\/p>\n<p>&nbsp;<\/p>\n<p>&nbsp;<\/p>\n<p>Como parte de lo que considera el primer paso para la econom\u00eda pospandemia, el Gobierno envi\u00f3 al Congreso el proyecto de ley de \u201cMoratoria para Todos\u201d, para ampliar los alcances del plan vigente, que incluir\u00e1 las deudas vencidas hasta el 30 de junio del 2020.<\/p>\n<p>La nueva moratoria ser\u00e1 un plan integral que abarcar\u00e1 a comercios, pymes empresas, aut\u00f3nomos y monotributistas. Adem\u00e1s, todos los planes y facilidades ca\u00eddos o vencidos o anteriores se consolidar\u00e1n en un s\u00f3lo plan, pudiendo regularizar sus deudas los contribuyentes que no pod\u00edan acceder en los t\u00e9rminos de la Ley de Solidaridad Social y Reactivaci\u00f3n Productiva.<\/p>\n<p>El periodo de adhesi\u00f3n estar\u00e1 abierto hasta el pr\u00f3ximo 31 de octubre, y la primera cuota vencer\u00e1 el 16 de noviembre. El plan impositivo tendr\u00e1 m\u00e1s quita, m\u00e1s facilidades y m\u00e1s ventajas para los contribuyentes que adhieran, sean personas humanas o jur\u00eddicas.<\/p>\n<p>En este sentido, dependiendo del tama\u00f1o de las empresas e individuos que se adhieran podr\u00e1n regularizar sus deudas en hasta 96 o 120 cuotas para las obligaciones tributarias y aduaneras. En tanto que, los plazos ser\u00e1n de hasta 48 o 60 cuotas para las obligaciones correspondientes a los recursos de la seguridad social.<\/p>\n<p>Fuentes oficiales dijeron a \u00c1mbito que la moratoria ampliada \u201cservir\u00e1 como herramienta para ordenar la salida de la cuarentena\u201d. Al respecto, explicaron que \u201ces el primer paso del plan de salida de la cuarentena con el objetivo de cuidar las fuentes laborales y al sector privado\u201d.<\/p>\n<p>Seg\u00fan datos de la AFIP, la deuda exigible en materia impositiva, previsional y aduanera que no est\u00e1 regularizada y que puede ser considerada dentro de una ampliaci\u00f3n de moratoria es de $281.700 millones de pesos, entre personas f\u00edsicas y jur\u00eddicas, y el monto total asciende a $500.000 millones al sumar los planes de regularizaci\u00f3n vigentes.<\/p>\n<p>El jefe de gabinete, Santiago Cafiero, encabez\u00f3 la reuni\u00f3n del gabinete econ\u00f3mico junto con los ministros de Econom\u00eda, Mart\u00edn Guzm\u00e1n, de Trabajo Claudio Moroni, de Producci\u00f3n Mat\u00edas Kulfas, la titular de la AFIP, Mercedes Marc\u00f3 del Pont, la directora de la ANSES Fernanda Raverta, y el presidente del Banco Central, Miguel Pesce, tambi\u00e9n se sum\u00f3 el viceministro de Econom\u00eda, Haroldo Montag\u00fa. All\u00ed, analizaron los puntos principales del proyecto antes de enviarlo a la C\u00e1mara de Diputados, en donde esperan que tengo un r\u00e1pido tratamiento para dar alivio a los contribuyentes.<\/p>\n<p>Tras el encuentro, la titular de la AFIP, Mercedes Marc\u00f3 del Pont, y el ministro de la Producci\u00f3n, Mat\u00edas Kulfas, explicaron los alcances de la &#8220;Moratoria para Todos&#8221;.<\/p>\n<p>Marc\u00f3 del Pont destac\u00f3 que \u201clos problemas que arrastraban las empresas, los comercios y las familias se extendieron a todo el entramado productivo con la irrupci\u00f3n del Covid-19\u201d. Y sostuvo que el objetivo es \u201cextender a todos los contribuyentes el alcance de la moratoria de la Ley de Solidaridad y Reactivaci\u00f3n que estaba focalizada en el sector que acumulaba mayor cantidad de deuda y condicionantes en materia de financiamiento\u201d.<\/p>\n","protected":false},"excerpt":{"rendered":"<p>El gabinete econ\u00f3mico repas\u00f3 los detalles de la norma girada al Parlamento. Incluir\u00e1 todas las deudas vencidas hasta el 30 de junio. El plazo para la adhesi\u00f3n ser\u00e1 hasta el 31 de octubre de 2020 &nbsp; &nbsp; &nbsp; Como parte de lo que considera el primer paso para la econom\u00eda pospandemia, el Gobierno envi\u00f3 al Congreso el proyecto de ley de \u201cMoratoria para Todos\u201d, para ampliar los alcances del plan vigente, que incluir\u00e1 las deudas vencidas hasta el 30 de junio del 2020. La nueva moratoria ser\u00e1 un plan integral&#8230;<\/p>\n","protected":false},"author":3,"featured_media":63914,"comment_status":"closed","ping_status":"closed","sticky":false,"template":"","format":"standard","meta":[],"categories":[18],"tags":[],"_links":{"self":[{"href":"https:\/\/www.actualidadadiario.com\/index.php\/wp-json\/wp\/v2\/posts\/63913"}],"collection":[{"href":"https:\/\/www.actualidadadiario.com\/index.php\/wp-json\/wp\/v2\/posts"}],"about":[{"href":"https:\/\/www.actualidadadiario.com\/index.php\/wp-json\/wp\/v2\/types\/post"}],"author":[{"embeddable":true,"href":"https:\/\/www.actualidadadiario.com\/index.php\/wp-json\/wp\/v2\/users\/3"}],"replies":[{"embeddable":true,"href":"https:\/\/www.actualidadadiario.com\/index.php\/wp-json\/wp\/v2\/comments?post=63913"}],"version-history":[{"count":1,"href":"https:\/\/www.actualidadadiario.com\/index.php\/wp-json\/wp\/v2\/posts\/63913\/revisions"}],"predecessor-version":[{"id":63915,"href":"https:\/\/www.actualidadadiario.com\/index.php\/wp-json\/wp\/v2\/posts\/63913\/revisions\/63915"}],"wp:featuredmedia":[{"embeddable":true,"href":"https:\/\/www.actualidadadiario.com\/index.php\/wp-json\/wp\/v2\/media\/63914"}],"wp:attachment":[{"href":"https:\/\/www.actualidadadiario.com\/index.php\/wp-json\/wp\/v2\/media?parent=63913"}],"wp:term":[{"taxonomy":"category","embeddable":true,"href":"https:\/\/www.actualidadadiario.com\/index.php\/wp-json\/wp\/v2\/categories?post=63913"},{"taxonomy":"post_tag","embeddable":true,"href":"https:\/\/www.actualidadadiario.com\/index.php\/wp-json\/wp\/v2\/tags?post=63913"}],"curies":[{"name":"wp","href":"https:\/\/api.w.org\/{rel}","templated":true}]}}