{"id":63899,"date":"2020-07-08T12:28:52","date_gmt":"2020-07-08T15:28:52","guid":{"rendered":"https:\/\/www.actualidadadiario.com\/?p=63899"},"modified":"2020-07-08T12:28:52","modified_gmt":"2020-07-08T15:28:52","slug":"sarampion-tras-12-semanas-sin-casos-lograron-contener-el-brote-iniciado-en-2019","status":"publish","type":"post","link":"https:\/\/www.actualidadadiario.com\/index.php\/2020\/07\/08\/sarampion-tras-12-semanas-sin-casos-lograron-contener-el-brote-iniciado-en-2019\/","title":{"rendered":"Sarampi\u00f3n: tras 12 semanas sin casos, lograron contener el brote iniciado en 2019"},"content":{"rendered":"<p style=\"text-align: center;\"><em><strong>Fue el peor en los \u00faltimos 20 a\u00f1os, se hab\u00eda producido en agosto del a\u00f1o pasado y dej\u00f3 178 afectados. Ahora buscan reforzar las coberturas de vacunaci\u00f3n en tiempos de pandemia<\/strong><\/em><\/p>\n<p>&nbsp;<\/p>\n<p>&nbsp;<\/p>\n<p>&nbsp;<\/p>\n<p>La Comisi\u00f3n Nacional de Certificaci\u00f3n de la Eliminaci\u00f3n de Sarampi\u00f3n y Rub\u00e9ola comunic\u00f3 este martes al ministro de Salud de la Naci\u00f3n, Gin\u00e9s Gonz\u00e1lez Garc\u00eda, la interrupci\u00f3n del brote de sarampi\u00f3n que Argentina curs\u00f3 desde 2019 hasta los primeros meses de 2020, con la Ciudad de Buenos Aires y regiones de la provincia de Buenos Aires como zonas afectadas.<\/p>\n<p>A trav\u00e9s de una reuni\u00f3n por zoom en la que participaron el titular de la cartera sanitaria nacional, la secretaria de Acceso a la Salud, Carla Vizzotti, la titular de la Direcci\u00f3n de Control de Enfermedades Inmunoprevenibles (DiCEI), Anal\u00eda Mykietiuk y destacados infect\u00f3logos de distintas sociedades cient\u00edficas, con la doctora \u00c1ngela Gentile como representante, celebraron la noticia y se plantearon pr\u00f3ximos objetivos, como reforzar las coberturas de vacunaci\u00f3n, que cayeron m\u00e1s en tiempos de pandemia.<\/p>\n<p>\u201cNo fue una tarea f\u00e1cil terminar con este brote de sarampi\u00f3n, que fue el m\u00e1s importante que hemos tenido en los \u00faltimos 20 a\u00f1os y por suerte volvemos al estado que est\u00e1bamos por perder, el de regi\u00f3n libre de sarampi\u00f3n\u201d, indic\u00f3 el ministro de Salud de la Naci\u00f3n, Gin\u00e9s Gonz\u00e1lez Garc\u00eda. \u201cAhora nuestra preocupaci\u00f3n est\u00e1 centrada en c\u00f3mo llegar a coberturas \u00f3ptimas, con la disminuci\u00f3n de demanda en este contexto de pandemia de coronavirus\u201d, remarc\u00f3.<\/p>\n<p>La decisi\u00f3n fue tomada tras 12 semanas sin nuevos casos de sarampi\u00f3n. El brote hab\u00eda arrancado hace 10 meses y que caus\u00f3 179 casos, la mayor\u00eda en 2019. Cabe aclarar que esta enfermedad es prevenible por vacunas y la inmunizaci\u00f3n est\u00e1 contemplada en el calendario nacional de vacunaci\u00f3n.<\/p>\n<p>Con el objetivo de contener que se encontraba en curso en la Ciudad Aut\u00f3noma de Buenos Aires y las regiones V, VI, VII y XII de la provincia de Buenos Aires, la cartera sanitaria hab\u00eda actualizado las indicaciones de vacunaci\u00f3n. En concreto, se hab\u00eda agregado una dosis extra para ni\u00f1os de 6 a 11 meses que vivieran o viajaran a zonas con casos confirmados de una vacuna doble viral o triple viral considerada \u201cdosis cero\u201d, ya que esta aplicaci\u00f3n no deb\u00eda ser tenida en cuenta como esquema de vacunaci\u00f3n de calendario.<\/p>\n<p>Ahora, tras la eliminaci\u00f3n del brote, se suspendi\u00f3 esa dosis adicional y se mantienen las recomendaciones actuales para ni\u00f1os de 12 meses (una dosis); chicos de 13 meses a 4 a\u00f1os (deben acreditar al menos dos dosis) y mayores de 5 a\u00f1os, adolescentes y adultos (deben acreditar al menos dos dosis.<\/p>\n<p>\u201cCelebramos haber trabajado en todo el pa\u00eds con sociedades cient\u00edficas, con la Comisi\u00f3n de Certificaci\u00f3n de interrupci\u00f3n de circulaci\u00f3n end\u00e9mica de circulaci\u00f3n de sarampi\u00f3n y rubeola y el trabajo con ciudad y provincia, donde fue el epicentro del brote. Adem\u00e1s de la decisi\u00f3n pol\u00edtica de liberaci\u00f3n de vacunas de la aduana y la adquisici\u00f3n de 5 millones de dosis de vacunas para contener el brote\u201d, indic\u00f3 la secretaria de Acceso a la Salud, Carla Vizzotti.<\/p>\n<p>Adem\u00e1s destac\u00f3 el esfuerzo de Ciudad y provincia \u201cpara clasificar los casos que estaban sin clasificar, que eran m\u00e1s de 1.000\u201d. Y remarc\u00f3 que ahora \u201cse debe empezar a trabajar en la consolidaci\u00f3n de ese logro con la vacunaci\u00f3n de adultos y completar esquemas\u201d.<\/p>\n<p>\u201cUna noticia tan importante como el cierre de brote de sarampi\u00f3n que casi nos hace perder el estatus de regi\u00f3n libre de sarampi\u00f3n, pero que por suerte se pudo manejar, es algo que se debe celebrar\u201d, indic\u00f3 la doctora \u00c1ngela Gentile, presidenta de la comisi\u00f3n quien firm\u00f3 la carta formal para informar sobre la situaci\u00f3n al ministerio de Salud.<\/p>\n<p>Desde agosto de 2019 se confirmaron 178 casos de sarampi\u00f3n, de los cuales 118 ocurrieron en 2019 y casi todos ellos fueron de origen desconocido, salvo tres clasificados como importados. La incidencia m\u00e1s alta de casos, as\u00ed como tambi\u00e9n la mayor parte de las internaciones, ocurrieron en los ni\u00f1os menores de un a\u00f1o.<\/p>\n<p>Adem\u00e1s de agregar la \u201cdosis cero\u201d, desde el ministerio anunciaron que se trabaj\u00f3 intensamente para contener el brote desde distintas l\u00edneas. Una de ellas fue la capacitaci\u00f3n, para que cada \u00e1rea con casos tuviera vacunadores eventuales. Incluso en tiempos de pandemia de Covid-19, el curso sigui\u00f3 de manera virtual a trav\u00e9s la plataforma de la Organizaci\u00f3n Panamericana de la Salud (OPS).<\/p>\n<p>\u201cNos queda un trabajo arduo, porque en Brasil y en Europa el sarampi\u00f3n circula y cuando se abran las fronteras puede reingresar, por eso se debe recordar que la vacunaci\u00f3n es esencial y, quienes deban hacerlo tienen permiso para circular\u201d, concluy\u00f3 Vizzotti<\/p>\n<p>De la reuni\u00f3n participaron destacados infect\u00f3logos, entre ellos Florencia Cahn, Lautaro de Vedia, Carola Russ y Hebe V\u00e1zquez, entre otros.<\/p>\n","protected":false},"excerpt":{"rendered":"<p>Fue el peor en los \u00faltimos 20 a\u00f1os, se hab\u00eda producido en agosto del a\u00f1o pasado y dej\u00f3 178 afectados. Ahora buscan reforzar las coberturas de vacunaci\u00f3n en tiempos de pandemia &nbsp; &nbsp; &nbsp; La Comisi\u00f3n Nacional de Certificaci\u00f3n de la Eliminaci\u00f3n de Sarampi\u00f3n y Rub\u00e9ola comunic\u00f3 este martes al ministro de Salud de la Naci\u00f3n, Gin\u00e9s Gonz\u00e1lez Garc\u00eda, la interrupci\u00f3n del brote de sarampi\u00f3n que Argentina curs\u00f3 desde 2019 hasta los primeros meses de 2020, con la Ciudad de Buenos Aires y regiones de la provincia de Buenos Aires&#8230;<\/p>\n","protected":false},"author":3,"featured_media":63900,"comment_status":"closed","ping_status":"closed","sticky":false,"template":"","format":"standard","meta":[],"categories":[2],"tags":[],"_links":{"self":[{"href":"https:\/\/www.actualidadadiario.com\/index.php\/wp-json\/wp\/v2\/posts\/63899"}],"collection":[{"href":"https:\/\/www.actualidadadiario.com\/index.php\/wp-json\/wp\/v2\/posts"}],"about":[{"href":"https:\/\/www.actualidadadiario.com\/index.php\/wp-json\/wp\/v2\/types\/post"}],"author":[{"embeddable":true,"href":"https:\/\/www.actualidadadiario.com\/index.php\/wp-json\/wp\/v2\/users\/3"}],"replies":[{"embeddable":true,"href":"https:\/\/www.actualidadadiario.com\/index.php\/wp-json\/wp\/v2\/comments?post=63899"}],"version-history":[{"count":1,"href":"https:\/\/www.actualidadadiario.com\/index.php\/wp-json\/wp\/v2\/posts\/63899\/revisions"}],"predecessor-version":[{"id":63901,"href":"https:\/\/www.actualidadadiario.com\/index.php\/wp-json\/wp\/v2\/posts\/63899\/revisions\/63901"}],"wp:featuredmedia":[{"embeddable":true,"href":"https:\/\/www.actualidadadiario.com\/index.php\/wp-json\/wp\/v2\/media\/63900"}],"wp:attachment":[{"href":"https:\/\/www.actualidadadiario.com\/index.php\/wp-json\/wp\/v2\/media?parent=63899"}],"wp:term":[{"taxonomy":"category","embeddable":true,"href":"https:\/\/www.actualidadadiario.com\/index.php\/wp-json\/wp\/v2\/categories?post=63899"},{"taxonomy":"post_tag","embeddable":true,"href":"https:\/\/www.actualidadadiario.com\/index.php\/wp-json\/wp\/v2\/tags?post=63899"}],"curies":[{"name":"wp","href":"https:\/\/api.w.org\/{rel}","templated":true}]}}