{"id":63897,"date":"2020-07-08T12:28:04","date_gmt":"2020-07-08T15:28:04","guid":{"rendered":"https:\/\/www.actualidadadiario.com\/?p=63897"},"modified":"2020-07-08T12:28:04","modified_gmt":"2020-07-08T15:28:04","slug":"nacion-auxiliara-a-provincias-con-2-000-millones-para-retorno-a-escuelas","status":"publish","type":"post","link":"https:\/\/www.actualidadadiario.com\/index.php\/2020\/07\/08\/nacion-auxiliara-a-provincias-con-2-000-millones-para-retorno-a-escuelas\/","title":{"rendered":"Naci\u00f3n auxiliar\u00e1 a provincias con $2.000 millones para retorno a escuelas"},"content":{"rendered":"<p style=\"text-align: center;\"><em><strong>Recursos estar\u00e1n destinados a infraestructura escolar e insumos de higiene para blindar &#8220;regreso seguro&#8221; a las aulas. Lanzar\u00e1n adem\u00e1s l\u00ednea de cr\u00e9dito del Banco Naci\u00f3n para docentes y profesores, para la adquisici\u00f3n de computadoras en 36 cuotas, con una tasa subsidiada por el Ministerio de Educaci\u00f3n nacional<\/strong><\/em><\/p>\n<p>&nbsp;<\/p>\n<p>El Gobierno nacional auxiliar\u00e1 a las provincias -con foco en los distritos de mayor vulnerabilidad- con un aporte de m\u00e1s de $ 2 mil millones para apuntalar un \u201cretorno seguro\u201d a las clases presenciales.<\/p>\n<p>Ser\u00e1n recursos para infraestructura escolar y para insumos de higiene destinados a cumplir en los establecimientos educativos con el protocolo obligatorio de base -ya consensuado con todas las jurisdicciones- para prevenir potenciales contagios.<\/p>\n<p>Se trata de una asistencia clave para los gobernadores en el marco de la erosi\u00f3n de recursos que sufren los distritos por la pandemia.<\/p>\n<p>La iniciativa fue confirmada este martes por el ministro de Educaci\u00f3n, Nicol\u00e1s Trotta, y -seg\u00fan lo anticip\u00f3- ser\u00e1 presentada oficialmente la semana que viene. La avanzada responde al desaf\u00edo que representa para los mandatarios y para las escuelas financiar las medidas a adoptar para minimizar los contagios, en medio de los mayores gastos que de por s\u00ed genera la acrecentada atenci\u00f3n sanitaria.<\/p>\n<p>\u201cEs una responsabilidad compartida, y nosotros vamos a acompa\u00f1ar principalmente a las escuelas y a las provincias que est\u00e1n en una situaci\u00f3n de mayor vulnerabilidad en el aprovisionamiento de ciertos materiales y en algunas cuestiones en materia de infraestructura escolar\u201d, asegur\u00f3 Trotta, en declaraciones a Radio Libertad y a Misiones Online.<\/p>\n<p>El ministro enfatiz\u00f3 adem\u00e1s que si bien \u201ctodo lo vinculado a la cotidianidad de la escuela es una responsabilidad de cada una de las jurisdicciones educativas\u201d, la \u201cdecisi\u00f3n del Presidente y de nuestra gesti\u00f3n educativa es acompa\u00f1ar a un regreso seguro\u201d.<\/p>\n<p>La intenci\u00f3n a priori es que las clases presenciales vuelvan de manera progresiva desde agosto en provincias en Fase 5, aunque la decisi\u00f3n final quedar\u00e1 en mano de los gobernadores.<\/p>\n<p>Trotta confirm\u00f3 tambi\u00e9n que la semana que viene presentar\u00e1 adem\u00e1s una l\u00ednea de cr\u00e9dito del Banco Naci\u00f3n, subsidiada con recursos del Ministerio de Educaci\u00f3n por $ 50 millones, destinada a docentes y profesores para la adquisici\u00f3n de computadoras en 36 cuotas.<\/p>\n<p>\u201cLuego de intensas semanas de trabajo con la C\u00e1mara de la Electr\u00f3nica -porque no hab\u00eda stock de computadoras en la Argentina- se defini\u00f3 una l\u00ednea de cr\u00e9dito con el Banco Naci\u00f3n -subsidiada por el Ministerio de Educaci\u00f3n, con una tasa muy baja- para que los docentes puedan adquirir en 36 cuotas, computadoras con una cuota mensual muy baja\u201d, remarc\u00f3.<\/p>\n<p>En esa l\u00ednea, destac\u00f3 el trabajo conjunto con la Secretar\u00eda de Industria y con las c\u00e1maras \u201cpara garantizar un precio justo, modelos adecuados para nuestros docentes y una tasa con un aporte que nunca se hab\u00eda dado desde el Ministerio de Educaci\u00f3n\u201d, en referencia a los $ 50 millones. \u201cEs un elemento esencial para que los docentes puedan llevar adelante su tarea, no s\u00f3lo durante la pandemia sino en la etapa dual que viene en la post pandemia\u201d, enfatiz\u00f3.<\/p>\n<p>Las medidas se enmarcan en el avance de la aprobaci\u00f3n de los protocolos que regir\u00e1n el retorno escalonado a las clases presenciales, una vez que la situaci\u00f3n epidemiol\u00f3gica lo permita.<\/p>\n<p>La semana pasada fue aprobado el esquema de medidas para la educaci\u00f3n obligatoria, mientras que este martes ocurri\u00f3 lo propio en materia de las universidades y los institutos universitarios, con el aval dado por unanimidad por la cartera educativa nacional, el Consejo Interuniversitario Nacional y el Consejo de Rectores de Universidades Privadas. \u201cLa decisi\u00f3n del regreso f\u00edsico a las aulas ser\u00e1 tomada por cada rector y rectora una vez que la situaci\u00f3n epidemiol\u00f3gica de cada regi\u00f3n as\u00ed lo permita y se garanticen las condiciones sanitarias establecidas en los protocolos\u201d, dijo el ministro.<\/p>\n<p>En este marco, este mi\u00e9rcoles a las 12 Trotta encabezar\u00e1 una presentaci\u00f3n de los protocolos -junto a funcionarios y especialistas- que se transmitir\u00e1 por Youtube (https:\/\/www.youtube.com\/watch?v=rErzNlRDiGE).<\/p>\n","protected":false},"excerpt":{"rendered":"<p>Recursos estar\u00e1n destinados a infraestructura escolar e insumos de higiene para blindar &#8220;regreso seguro&#8221; a las aulas. Lanzar\u00e1n adem\u00e1s l\u00ednea de cr\u00e9dito del Banco Naci\u00f3n para docentes y profesores, para la adquisici\u00f3n de computadoras en 36 cuotas, con una tasa subsidiada por el Ministerio de Educaci\u00f3n nacional &nbsp; El Gobierno nacional auxiliar\u00e1 a las provincias -con foco en los distritos de mayor vulnerabilidad- con un aporte de m\u00e1s de $ 2 mil millones para apuntalar un \u201cretorno seguro\u201d a las clases presenciales. Ser\u00e1n recursos para infraestructura escolar y para insumos&#8230;<\/p>\n","protected":false},"author":3,"featured_media":63739,"comment_status":"closed","ping_status":"closed","sticky":false,"template":"","format":"standard","meta":[],"categories":[9],"tags":[],"_links":{"self":[{"href":"https:\/\/www.actualidadadiario.com\/index.php\/wp-json\/wp\/v2\/posts\/63897"}],"collection":[{"href":"https:\/\/www.actualidadadiario.com\/index.php\/wp-json\/wp\/v2\/posts"}],"about":[{"href":"https:\/\/www.actualidadadiario.com\/index.php\/wp-json\/wp\/v2\/types\/post"}],"author":[{"embeddable":true,"href":"https:\/\/www.actualidadadiario.com\/index.php\/wp-json\/wp\/v2\/users\/3"}],"replies":[{"embeddable":true,"href":"https:\/\/www.actualidadadiario.com\/index.php\/wp-json\/wp\/v2\/comments?post=63897"}],"version-history":[{"count":1,"href":"https:\/\/www.actualidadadiario.com\/index.php\/wp-json\/wp\/v2\/posts\/63897\/revisions"}],"predecessor-version":[{"id":63898,"href":"https:\/\/www.actualidadadiario.com\/index.php\/wp-json\/wp\/v2\/posts\/63897\/revisions\/63898"}],"wp:featuredmedia":[{"embeddable":true,"href":"https:\/\/www.actualidadadiario.com\/index.php\/wp-json\/wp\/v2\/media\/63739"}],"wp:attachment":[{"href":"https:\/\/www.actualidadadiario.com\/index.php\/wp-json\/wp\/v2\/media?parent=63897"}],"wp:term":[{"taxonomy":"category","embeddable":true,"href":"https:\/\/www.actualidadadiario.com\/index.php\/wp-json\/wp\/v2\/categories?post=63897"},{"taxonomy":"post_tag","embeddable":true,"href":"https:\/\/www.actualidadadiario.com\/index.php\/wp-json\/wp\/v2\/tags?post=63897"}],"curies":[{"name":"wp","href":"https:\/\/api.w.org\/{rel}","templated":true}]}}