{"id":63891,"date":"2020-07-08T12:26:31","date_gmt":"2020-07-08T15:26:31","guid":{"rendered":"https:\/\/www.actualidadadiario.com\/?p=63891"},"modified":"2020-07-08T12:26:31","modified_gmt":"2020-07-08T15:26:31","slug":"aprobaron-protocolos-para-la-continuidad-de-las-clases-en-universidades-publicas-y-privadas","status":"publish","type":"post","link":"https:\/\/www.actualidadadiario.com\/index.php\/2020\/07\/08\/aprobaron-protocolos-para-la-continuidad-de-las-clases-en-universidades-publicas-y-privadas\/","title":{"rendered":"Aprobaron protocolos para la continuidad de las clases en universidades p\u00fablicas y privadas"},"content":{"rendered":"<p style=\"text-align: center;\"><em><strong>El protocolo fue aprobado a trav\u00e9s del consenso de las universidades p\u00fablicas agrupadas en el Consejo Interuniversitario Nacional (CIN) y las privadas en el Consejo de Rectores de Universidades Privadas (CRUP)<\/strong><\/em><\/p>\n<p>&nbsp;<\/p>\n<p>&nbsp;<\/p>\n<p>Las universidades p\u00fablicas y privadas aprobaron este martes el protocolo marco que deber\u00e1n seguir para continuar el calendario acad\u00e9mico que incluye la continuidad de la alternancia entre clases a distancia y presenciales, las cuales ser\u00e1 determinadas por cada Universidad o Facultad seg\u00fan la cantidad de estudiantes, docentes, no docentes, investigadores y tama\u00f1o de los edificios.<\/p>\n<p>El ministro de Educaci\u00f3n Nicol\u00e1s Trotta destac\u00f3 que &#8220;la decisi\u00f3n del regreso f\u00edsico a las aulas ser\u00e1 tomada por cada rector y rectora una vez que la situaci\u00f3n epidemiol\u00f3gica de cada regi\u00f3n as\u00ed lo permita y se garanticen las condiciones sanitarias establecidas en los protocolos\u201d.<\/p>\n<p>Por su parte, el secretario de Pol\u00edticas Universitarias, Jaime Perczyk asegur\u00f3 que se logr\u00f3 \u201cpreservar la salud de nuestras y nuestros estudiantes y docentes al momento de suspender la presencialidad&#8221;.<\/p>\n<p>&#8220;Tambi\u00e9n, logramos sostener el derecho a la educaci\u00f3n pudiendo brindar un primer cuatrimestre en el que las y los j\u00f3venes universitarios han accedido a clases virtuales y adem\u00e1s, garantizamos la calidad acad\u00e9mica para 2.200.000 de alumnas y alumnos\u201d, indic\u00f3.<\/p>\n<p>Las 57 universidades p\u00fablicas y las privadas continuar\u00e1n las clases en forma virtual iniciadas a partir de marzo o abril pasados, y s\u00f3lo se suspendieron las clases presenciales en algunas carreras que requer\u00edan en forma necesaria la presencia de los estudiantes.<\/p>\n<p>Ahora ser\u00e1 cada universidad y facultad las que determinen de qu\u00e9 manera se integran esas clases presenciales.<\/p>\n<p>Los protocolos determinan que cada universidad y facultad evaluar\u00e1n la necesidad de que los estudiantes rindan ex\u00e1menes presenciales en funci\u00f3n de las recomendaciones sanitarias que haya en cada localidad o regi\u00f3n del pa\u00eds.<\/p>\n<p>Adem\u00e1s se estableci\u00f3 quien se autorizar\u00e1 el ingreso a cada facultad &#8220;s\u00f3lo para las actividades programadas&#8221; mientras que habr\u00e1 un &#8220;regreso escalonado a las actividades de investigaci\u00f3n y extensi\u00f3n que no hayan sido consideradas esenciales durante la cuarentena, en particular las relacionadas con los trabajos de finalizaci\u00f3n de carreras de grado y posgrado&#8221;.<\/p>\n<p>Cada universidad deber\u00e1 ocuparse de &#8220;acondicionar los espacios para asegurar el distanciamiento m\u00ednimo (1,5 metros) entre las personas&#8221; y deber\u00e1n definir &#8220;un espacio para aislar a estudiantes y trabajadores en caso que presenten s\u00edntomas de coronavirus&#8221;.<\/p>\n<p>Tambi\u00e9n ser\u00e1 cada universidad y facultad las que deber\u00e1n determinar &#8220;los protocolos de ingreso y egreso asegurando que no haya aglomeraciones de personas y que se mantenga en todos los casos el distanciamiento m\u00ednimo&#8221;.<\/p>\n<p>En cuanto al transporte se promover\u00e1 la utilizaci\u00f3n de la bicicleta o ir caminando para viajes cortos y a los que van en auto se los capacitar\u00e1 para desinfectar sus veh\u00edculos.<\/p>\n<p>Dentro de los edificios, todos los estudiantes y docentes deber\u00e1n utilizar barbijos y se determinar\u00e1n &#8220;circuitos de tr\u00e1nsito&#8221; para permitir la circulaci\u00f3n y evitar aglomeraciones.<\/p>\n<p>A diferencia de los protocolos para la escuela primaria y secundaria, a todos los ingresantes se les tomar\u00e1 la temperatura y si la misma es superior a 37,5 grados no podr\u00e1n entrar a la facultad.<\/p>\n<p>En cuanto a la infraestructura edilicia, deber\u00e1 asegurarse la ventilaci\u00f3n , demarcaci\u00f3n de \u00e1reas de trabajo mapa de circulaci\u00f3n de estudiantes, docentes, investigadores, extensionistas y no docentes y la se\u00f1al\u00e9tica como herramienta comunicativa, con un distanciamiento en pasillos y otros espacios de dos metros<\/p>\n<p>Cada universidad deber\u00e1 determinar tambi\u00e9n &#8220;el n\u00famero m\u00e1ximo de personas que podr\u00e1n permanecer en un lugar determinado&#8221; y tendr\u00e1n que &#8220;flexibilizar y establecer nuevos horarios y jornadas o turnos acad\u00e9micos para evitar aglomeraciones&#8221;.<\/p>\n<p>En caso de detectarse un caso sospechosos de coronavirus, se suspender\u00e1n las actividades por un d\u00eda para desinfectar y, si los estudiantes, conformaron grupos alternados para asistir a las cursadas, cada grupo no deber\u00e1 mezclarse ni en las aulas ni en los pasillos.<\/p>\n<p>En tanto, el grupo en el cual haya aparecido el caso sospechoso, &#8220;no deber\u00e1 asistir a clases presenciales hasta que se confirme o descarte la presencia de coronavirus&#8221;, mientras si el docente mantuvo la distancia adecuada con el grupo afectado podr\u00e1 seguir dando clases.<\/p>\n<p>Adem\u00e1s, el estudiante que haya tenido contacto con otro\/a que fue categorizado como contacto estrecho por la cercan\u00eda con uno de sus familiares &#8220;no debe guardar ning\u00fan aislamiento y podr\u00e1 seguir asistiendo a clases&#8221;.<\/p>\n","protected":false},"excerpt":{"rendered":"<p>El protocolo fue aprobado a trav\u00e9s del consenso de las universidades p\u00fablicas agrupadas en el Consejo Interuniversitario Nacional (CIN) y las privadas en el Consejo de Rectores de Universidades Privadas (CRUP) &nbsp; &nbsp; Las universidades p\u00fablicas y privadas aprobaron este martes el protocolo marco que deber\u00e1n seguir para continuar el calendario acad\u00e9mico que incluye la continuidad de la alternancia entre clases a distancia y presenciales, las cuales ser\u00e1 determinadas por cada Universidad o Facultad seg\u00fan la cantidad de estudiantes, docentes, no docentes, investigadores y tama\u00f1o de los edificios. El ministro&#8230;<\/p>\n","protected":false},"author":3,"featured_media":63892,"comment_status":"closed","ping_status":"closed","sticky":false,"template":"","format":"standard","meta":[],"categories":[2],"tags":[],"_links":{"self":[{"href":"https:\/\/www.actualidadadiario.com\/index.php\/wp-json\/wp\/v2\/posts\/63891"}],"collection":[{"href":"https:\/\/www.actualidadadiario.com\/index.php\/wp-json\/wp\/v2\/posts"}],"about":[{"href":"https:\/\/www.actualidadadiario.com\/index.php\/wp-json\/wp\/v2\/types\/post"}],"author":[{"embeddable":true,"href":"https:\/\/www.actualidadadiario.com\/index.php\/wp-json\/wp\/v2\/users\/3"}],"replies":[{"embeddable":true,"href":"https:\/\/www.actualidadadiario.com\/index.php\/wp-json\/wp\/v2\/comments?post=63891"}],"version-history":[{"count":1,"href":"https:\/\/www.actualidadadiario.com\/index.php\/wp-json\/wp\/v2\/posts\/63891\/revisions"}],"predecessor-version":[{"id":63893,"href":"https:\/\/www.actualidadadiario.com\/index.php\/wp-json\/wp\/v2\/posts\/63891\/revisions\/63893"}],"wp:featuredmedia":[{"embeddable":true,"href":"https:\/\/www.actualidadadiario.com\/index.php\/wp-json\/wp\/v2\/media\/63892"}],"wp:attachment":[{"href":"https:\/\/www.actualidadadiario.com\/index.php\/wp-json\/wp\/v2\/media?parent=63891"}],"wp:term":[{"taxonomy":"category","embeddable":true,"href":"https:\/\/www.actualidadadiario.com\/index.php\/wp-json\/wp\/v2\/categories?post=63891"},{"taxonomy":"post_tag","embeddable":true,"href":"https:\/\/www.actualidadadiario.com\/index.php\/wp-json\/wp\/v2\/tags?post=63891"}],"curies":[{"name":"wp","href":"https:\/\/api.w.org\/{rel}","templated":true}]}}