{"id":63888,"date":"2020-07-08T12:25:37","date_gmt":"2020-07-08T15:25:37","guid":{"rendered":"https:\/\/www.actualidadadiario.com\/?p=63888"},"modified":"2020-07-08T12:25:37","modified_gmt":"2020-07-08T15:25:37","slug":"el-gobierno-abrio-el-registro-de-trabajadores-informales","status":"publish","type":"post","link":"https:\/\/www.actualidadadiario.com\/index.php\/2020\/07\/08\/el-gobierno-abrio-el-registro-de-trabajadores-informales\/","title":{"rendered":"El Gobierno abri\u00f3 el registro de trabajadores informales"},"content":{"rendered":"<p style=\"text-align: center;\"><em><strong>Esperan que se anoten alrededor de 6 millones de personas, lo que iguala el total de trabajadores del sector privado en el pa\u00eds. La inscripci\u00f3n est\u00e1 dividida en ocho ramas de actividad<\/strong><\/em><\/p>\n<p>&nbsp;<\/p>\n<p>&nbsp;<\/p>\n<p>&nbsp;<\/p>\n<p>El Gobierno abri\u00f3 el Registro Nacional de Trabajadores y Trabajadoras de la Econom\u00eda Popular, con el que busca convertir en &#8220;productivos&#8221; esos emprendimientos perif\u00e9ricos al sistema que desarrollan unas 6 millones de personas en el pa\u00eds, frente a la pandemia del coronavirus.<\/p>\n<p>La iniciativa se funda en la convicci\u00f3n de que la pandemia obligar\u00e1 a reivindicar formas de producci\u00f3n &#8220;m\u00e1s cercanas a las necesidades de la sociedad y menos enfocadas al consumo masivo&#8221;, seg\u00fan explic\u00f3 a T\u00e9lam el director nacional de Econom\u00eda Social y Desarrollo Local, Pablo Chena.<\/p>\n<p>La inscripci\u00f3n en el registro se puede realizar a trav\u00e9s de la p\u00e1gina web http:\/\/renatep.mds.gob.ar.<\/p>\n<p>Chena hab\u00eda adelantado que el primer objetivo del registro apunta a &#8220;visibilizar&#8221; a ese universo de la poblaci\u00f3n econ\u00f3micamente activa, que equipara en n\u00famero a los 6 millones de trabajadores del sector privado formal, que duplica a los 3 millones de empleados del \u00e1mbito p\u00fablico.<\/p>\n<p>El segundo objetivo de ese &#8220;mapa&#8221;, que se empez\u00f3 a confeccionar esta semana -primero con una modalidad virtual por la pandemia, y luego con operativos presenciales en los territorios, apunta a resignificar la mirada sobre esos trabajadores informales.<\/p>\n<p>&#8220;El Ingreso Familiar de Emergencia (IFE) fue un golpe de realidad porque mostr\u00f3 una econom\u00eda que no estaba visibilizada; por eso el registro tiene como objetivo inicial &#8216;pensar&#8217; la econom\u00eda popular, inscribirla, establecer cu\u00e1les son sus ramas, sus actividades, sus unidades productivas y d\u00f3nde se desarrollan&#8221;, explic\u00f3 el funcionario en una entrevista con T\u00e9lam.<\/p>\n<p>El registro est\u00e1 organizado en ocho ramas, para diferenciar los segmentos de la econom\u00eda popular: 1) Comercio popular y trabajos en espacios p\u00fablicos 2) Recuperaci\u00f3n, reciclado y servicios ambientales 3) Construcci\u00f3n e infraestructura social y mejoramiento ambiental 4) Industria manufacturera 5) Servicios socio-comunitarios 6) Agricultura familiar y campesina 7) Transporte y almacenamiento 8) Servicios personales y otros oficios.<\/p>\n<p>Est\u00e1n habilitados a registrarse quienes tengan 18 a\u00f1os o m\u00e1s y no posean a su nombre m\u00e1s de dos inmuebles, ni tampoco cuenten con un trabajo en relaci\u00f3n de dependencia que supere el salario m\u00ednimo vital y m\u00f3vil.<\/p>\n<p>Tampoco podr\u00e1n acceder quienes est\u00e9n inscriptos en el r\u00e9gimen simplificado de peque\u00f1os contribuyentes: s\u00f3lo se admitir\u00e1n las categor\u00edas A, B, C y D o titulares del monotributo social o monotributistas &#8220;promovidos&#8221;.<\/p>\n","protected":false},"excerpt":{"rendered":"<p>Esperan que se anoten alrededor de 6 millones de personas, lo que iguala el total de trabajadores del sector privado en el pa\u00eds. La inscripci\u00f3n est\u00e1 dividida en ocho ramas de actividad &nbsp; &nbsp; &nbsp; El Gobierno abri\u00f3 el Registro Nacional de Trabajadores y Trabajadoras de la Econom\u00eda Popular, con el que busca convertir en &#8220;productivos&#8221; esos emprendimientos perif\u00e9ricos al sistema que desarrollan unas 6 millones de personas en el pa\u00eds, frente a la pandemia del coronavirus. La iniciativa se funda en la convicci\u00f3n de que la pandemia obligar\u00e1 a&#8230;<\/p>\n","protected":false},"author":3,"featured_media":63889,"comment_status":"closed","ping_status":"closed","sticky":false,"template":"","format":"standard","meta":[],"categories":[2],"tags":[],"_links":{"self":[{"href":"https:\/\/www.actualidadadiario.com\/index.php\/wp-json\/wp\/v2\/posts\/63888"}],"collection":[{"href":"https:\/\/www.actualidadadiario.com\/index.php\/wp-json\/wp\/v2\/posts"}],"about":[{"href":"https:\/\/www.actualidadadiario.com\/index.php\/wp-json\/wp\/v2\/types\/post"}],"author":[{"embeddable":true,"href":"https:\/\/www.actualidadadiario.com\/index.php\/wp-json\/wp\/v2\/users\/3"}],"replies":[{"embeddable":true,"href":"https:\/\/www.actualidadadiario.com\/index.php\/wp-json\/wp\/v2\/comments?post=63888"}],"version-history":[{"count":1,"href":"https:\/\/www.actualidadadiario.com\/index.php\/wp-json\/wp\/v2\/posts\/63888\/revisions"}],"predecessor-version":[{"id":63890,"href":"https:\/\/www.actualidadadiario.com\/index.php\/wp-json\/wp\/v2\/posts\/63888\/revisions\/63890"}],"wp:featuredmedia":[{"embeddable":true,"href":"https:\/\/www.actualidadadiario.com\/index.php\/wp-json\/wp\/v2\/media\/63889"}],"wp:attachment":[{"href":"https:\/\/www.actualidadadiario.com\/index.php\/wp-json\/wp\/v2\/media?parent=63888"}],"wp:term":[{"taxonomy":"category","embeddable":true,"href":"https:\/\/www.actualidadadiario.com\/index.php\/wp-json\/wp\/v2\/categories?post=63888"},{"taxonomy":"post_tag","embeddable":true,"href":"https:\/\/www.actualidadadiario.com\/index.php\/wp-json\/wp\/v2\/tags?post=63888"}],"curies":[{"name":"wp","href":"https:\/\/api.w.org\/{rel}","templated":true}]}}