{"id":63885,"date":"2020-07-08T12:24:49","date_gmt":"2020-07-08T15:24:49","guid":{"rendered":"https:\/\/www.actualidadadiario.com\/?p=63885"},"modified":"2020-07-08T12:30:00","modified_gmt":"2020-07-08T15:30:00","slug":"el-nuevo-programa-para-reactivar-obras-del-plan-nacional-de-vivienda","status":"publish","type":"post","link":"https:\/\/www.actualidadadiario.com\/index.php\/2020\/07\/08\/el-nuevo-programa-para-reactivar-obras-del-plan-nacional-de-vivienda\/","title":{"rendered":"El nuevo programa para reactivar obras del Plan Nacional de Vivienda"},"content":{"rendered":"<p style=\"text-align: center;\"><em><strong>El Gobierno nacional oficializo hoy la creaci\u00f3n de Programa Nacional de Reactivaci\u00f3n y Terminaci\u00f3n de Obras de Vivienda, Infraestructura y H\u00e1bitat. Est\u00e1 destinado a poner en marcha y finalizar las obras que se ejecutan dentro del Plan Nacional de Vivienda. La medida fue publicada este mi\u00e9rcoles en el Bolet\u00edn Oficial, mediante la resoluci\u00f3n 40\/2020<\/strong><\/em><\/p>\n<p>&nbsp;<\/p>\n<p>De este modo, con la firma de la ministra de Desarrollo Territorial y H\u00e1bitat de la Naci\u00f3n, Mar\u00eda Eugenia Bielsa, formalizaron el plan. Seg\u00fan detalla la norma, con esta determinaci\u00f3n, buscan reactivar las obras de vivienda que se encuentran paralizadas o demoradas.<\/p>\n<p>\u201cLa paralizaci\u00f3n ha deteriorado las condiciones de desarrollo y del h\u00e1bitat en su conjunto. Afectando a miles de familias en todo el territorio nacional, reduciendo las posibilidades de ocupaci\u00f3n de mano de obra y la movilidad de las econom\u00edas locales\u201d, manifiesta el texto oficial. De este modo, intentan mejorar la infraestructura b\u00e1sica y del equipamiento comunitario de los hogares involucrados con Necesidades B\u00e1sicas Insatisfechas y de los grupos vulnerables.<\/p>\n<p>En este contexto, la cartera de Desarrollo Territorial comunic\u00f3 que los entes ejecutores que deseen adherir al programa, deber\u00e1n comunicarlo a trav\u00e9s de una solicitud de adhesi\u00f3n. La misma estar\u00e1 dirigida a la Subsecretar\u00eda de Pol\u00edticas de Vivienda e Infraestructuras dependiente de la Secretar\u00eda de H\u00e1bitat.<\/p>\n<p>La normativa detalla que si al momento de la adhesi\u00f3n existen reclamos entre las partes o surjan de an\u00e1lisis posteriores, se proceder\u00e1 a una instancia de conciliaci\u00f3n. Esto se llevar\u00e1 adelante \u201ca fin de cerrar administrativamente los efectos de dichos acuerdos\u201d, remarca la resoluci\u00f3n oficializada hoy.<\/p>\n","protected":false},"excerpt":{"rendered":"<p>El Gobierno nacional oficializo hoy la creaci\u00f3n de Programa Nacional de Reactivaci\u00f3n y Terminaci\u00f3n de Obras de Vivienda, Infraestructura y H\u00e1bitat. Est\u00e1 destinado a poner en marcha y finalizar las obras que se ejecutan dentro del Plan Nacional de Vivienda. La medida fue publicada este mi\u00e9rcoles en el Bolet\u00edn Oficial, mediante la resoluci\u00f3n 40\/2020 &nbsp; De este modo, con la firma de la ministra de Desarrollo Territorial y H\u00e1bitat de la Naci\u00f3n, Mar\u00eda Eugenia Bielsa, formalizaron el plan. Seg\u00fan detalla la norma, con esta determinaci\u00f3n, buscan reactivar las obras de&#8230;<\/p>\n","protected":false},"author":3,"featured_media":63886,"comment_status":"closed","ping_status":"closed","sticky":false,"template":"","format":"standard","meta":[],"categories":[2],"tags":[],"_links":{"self":[{"href":"https:\/\/www.actualidadadiario.com\/index.php\/wp-json\/wp\/v2\/posts\/63885"}],"collection":[{"href":"https:\/\/www.actualidadadiario.com\/index.php\/wp-json\/wp\/v2\/posts"}],"about":[{"href":"https:\/\/www.actualidadadiario.com\/index.php\/wp-json\/wp\/v2\/types\/post"}],"author":[{"embeddable":true,"href":"https:\/\/www.actualidadadiario.com\/index.php\/wp-json\/wp\/v2\/users\/3"}],"replies":[{"embeddable":true,"href":"https:\/\/www.actualidadadiario.com\/index.php\/wp-json\/wp\/v2\/comments?post=63885"}],"version-history":[{"count":1,"href":"https:\/\/www.actualidadadiario.com\/index.php\/wp-json\/wp\/v2\/posts\/63885\/revisions"}],"predecessor-version":[{"id":63887,"href":"https:\/\/www.actualidadadiario.com\/index.php\/wp-json\/wp\/v2\/posts\/63885\/revisions\/63887"}],"wp:featuredmedia":[{"embeddable":true,"href":"https:\/\/www.actualidadadiario.com\/index.php\/wp-json\/wp\/v2\/media\/63886"}],"wp:attachment":[{"href":"https:\/\/www.actualidadadiario.com\/index.php\/wp-json\/wp\/v2\/media?parent=63885"}],"wp:term":[{"taxonomy":"category","embeddable":true,"href":"https:\/\/www.actualidadadiario.com\/index.php\/wp-json\/wp\/v2\/categories?post=63885"},{"taxonomy":"post_tag","embeddable":true,"href":"https:\/\/www.actualidadadiario.com\/index.php\/wp-json\/wp\/v2\/tags?post=63885"}],"curies":[{"name":"wp","href":"https:\/\/api.w.org\/{rel}","templated":true}]}}