{"id":63879,"date":"2020-07-08T12:22:41","date_gmt":"2020-07-08T15:22:41","guid":{"rendered":"https:\/\/www.actualidadadiario.com\/?p=63879"},"modified":"2020-07-08T12:22:54","modified_gmt":"2020-07-08T15:22:54","slug":"el-ministro-ballay-respondio-las-quejas-de-la-oposicion-por-el-proceso-de-licitacion-del-agente-financiero","status":"publish","type":"post","link":"https:\/\/www.actualidadadiario.com\/index.php\/2020\/07\/08\/el-ministro-ballay-respondio-las-quejas-de-la-oposicion-por-el-proceso-de-licitacion-del-agente-financiero\/","title":{"rendered":"El Ministro Ballay respondi\u00f3 las quejas de la oposici\u00f3n por el proceso de licitaci\u00f3n del agente financiero"},"content":{"rendered":"<p style=\"text-align: center;\"><em><strong>El ministro de Econom\u00eda Hugo Ballay, envi\u00f3 este mi\u00e9rcoles una nota de respuesta a los cuestionamientos hechos por un sector de la oposici\u00f3n al proceso de licitaci\u00f3n del servicio de agencia financiera de la provincia. En la respuesta, puntualiza el rol del Tribunal de Cuentas y las invitaciones a participar en el proceso<\/strong><\/em><\/p>\n<p>&nbsp;<\/p>\n<p>\u201cEn primer lugar, y tal como se reconoce en su presentaci\u00f3n, el Poder Ejecutivo no est\u00e1 obligado a dar intervenci\u00f3n al Poder Legislativo del referido proceso licitatorio, por lo que, la creaci\u00f3n de una Comisi\u00f3n de Seguimiento, compuesta por tres Diputados y tres Senadores, dio respuesta al requerimiento realizado por uds. al suscripto en la reuni\u00f3n realizada con los Presidentes de Bancadas en la C\u00e1mara de Diputados, y la misma tiene como finalidad hacer extensiva la participaci\u00f3n a ese Poder en el desarrollo y conocimiento del procedimiento\u201d, consign\u00f3 Ballay en respuesta a al diputado Esteban Vitor (PRO) y al senador Rub\u00e9n Dal Mol\u00edn (UCR \u2013 Federaci\u00f3n).<\/p>\n<p>Esta participaci\u00f3n e intervenci\u00f3n \u201cde ninguna manera resulta obligatoria para ustedes, pudiendo, en el caso que se hubiese tomado tal acto como una invitaci\u00f3n a actuar \u2018como una escriban\u00eda que refrende sin reproches, una contrataci\u00f3n que, a\u00fan siendo lesiva, atar\u00e1 a la provincia por los pr\u00f3ximos 15 a\u00f1os\u2019 dar lugar a otro legislador para participar en la misma\u201d, ironiz\u00f3 el Ministro.<\/p>\n<p>En cuanto a la afirmaci\u00f3n de que la Comisi\u00f3n no ha sido convocada \u201ctambi\u00e9n resulta falsa, ya que el d\u00eda previo a la recepci\u00f3n de vuestra nota, se remiti\u00f3 v\u00eda e-mail invitaci\u00f3n recordatoria para vuestra participaci\u00f3n en el primer paso del proceso licitatorio consistente en la apertura de sobres\u201d, record\u00f3 el funcionario.<\/p>\n<p>\u201cEn segundo lugar, y ante la inexistencia de fundamentos t\u00e9cnicos o referencias concretas al pliego, las apreciaciones indicadas en su nota, son de un tenor absolutamente subjetivo, por lo que, salvo que ustedes hubieren\u00a0 participado de la preparaci\u00f3n de las ofertas y conocieran anticipadamente cual ser\u00e1 el ofrecimiento a realizar, no es factible en esta instancia y atento a la inminencia de la apertura de sobres, ser respondidas en forma responsable por el suscripto\u201d, agreg\u00f3.<\/p>\n<p>En cuanto a la intervenci\u00f3n del Tribunal de Cuentas de la Provincia en el proceso, Ballay mencion\u00f3 que existen dos cuestiones que remarcar.<\/p>\n<p>La primera fue sobre la participaci\u00f3n resultante de las disposiciones del art. 213 de la Constituci\u00f3n Provincial. \u201cA\u00fan no existe Ley alguna que delimite las competencias entre el citado Tribunal y la Contadur\u00eda General de la Provincia\u201d, dijo. Tambi\u00e9n mencion\u00f3 que el Poder Ejecutivo dict\u00f3 el Decreto N\u00ba 820\/17 MDS, que dej\u00f3 sin efecto la acordada N\u00ba 284\/16 del citado Tribunal, situaci\u00f3n que se ajusta al Acuerdo General N\u00ba 37\/16 del 13.12.2016 del Superior Tribunal de Justicia, que entendi\u00f3 que el Tribunal de Cuentas no posee facultades para reglamentar en las \u201ccontrataciones de alta significaci\u00f3n econ\u00f3mica\u201d, lo que deber\u00e1 disponerse por Ley y mientras tanto, por Decreto del Poder Ejecutivo.<\/p>\n<p>Por eso, afirm\u00f3 que el Ministerio a su cargo actu\u00f3 \u201cen concordancia con las normas expuestas\u201d.<\/p>\n<p>Por otro lado, detall\u00f3 acciones del Ejecutivo tendientes a vincular al Tribunal de Cuentas con el proceso:<\/p>\n<p>&#8211; Mediante Nota M-83 de fecha 9 de Junio del corriente, se inform\u00f3 del dictado del Decreto 780\/2020 MEHF y se invit\u00f3 a participar al Tribunal de Cuentas desde el inicio del procedimiento, juntamente con la Comisi\u00f3n de Seguimiento conformada por el Poder Legislativo, indicando adem\u00e1s que los pliegos se encontraban a disposici\u00f3n en la p\u00e1gina web de la Unidad Central de Contrataciones.<\/p>\n<p>&nbsp;<\/p>\n<p>&#8211; Posteriormente, mediante Nota M \u2013 92, de fecha 29 de Junio, dando cumplimiento a lo requerido en el dictamen de fecha 24\/06 por los Fiscales de Cuentas, se remiti\u00f3 copia \u00edntegra del expediente licitatorio N\u00ba 2398296, y nuevamente se los invita a la apertura de sobres, indicando lugar, fecha y hora de su apertura.<\/p>\n<p>&nbsp;<\/p>\n<p>&#8211; Por \u00faltimo, el d\u00eda 6 del corriente, se record\u00f3 nuevamente -v\u00eda e-mail- el inter\u00e9s de la participaci\u00f3n del indicado Tribunal en el acto de apertura de ofertas.<\/p>\n<p>&nbsp;<\/p>\n<p>\u201cOtra consideraci\u00f3n a destacar en lo referente al plazo de 10 a\u00f1os de vigencia del contrato previsto en el pliego deber\u00e1 entenderse que mal puede el Estado Provincial exigir la inversi\u00f3n prevista en el cap\u00edtulo 5 \u2013 puntos 5.4.C \u2013 C.1, C.2. C.3 y en especial el 5.6. apartados 1), 2) y 3), sin darle un tiempo razonable a la Entidad que se presente para el recupero de su inversi\u00f3n\u201d, mencion\u00f3 Ballay.<\/p>\n<p>En cuanto a la denuncia realizada por los legisladores de que los intereses de la provincia se ven gravemente comprometidos \u201ces mi humilde opini\u00f3n que ustedes tienen no solo el derecho, sino el deber \u2013como bien citan en su nota- de denunciar judicialmente \u2013no por la prensa- cualquier acto por el que consideren que se afectan los intereses de los entrerrianos que dicen representar\u201d, sentenci\u00f3 el Ministro.<\/p>\n<p>\u201cLo llamativo, es que, en vez de haber recurrido por las v\u00edas legales pertinentes, y teniendo conocimiento desde el d\u00eda 8 de Junio del corriente del avance del proceso de licitaci\u00f3n, elijan un d\u00eda antes de la apertura de sobres realizar una presentaci\u00f3n por nota, y fiel a su costumbre, acudir a los medios de prensa, lo que resulta a todas luces extempor\u00e1neo, salvo por el efecto medi\u00e1tico de su accionar\u201d, acot\u00f3.<\/p>\n<p>Finalmente, consign\u00f3: \u201cQueda a vuestro criterio la participaci\u00f3n o no en el referido proceso, expresando por \u00faltimo, que, este Ministro considera importante vuestro aporte, respetando por supuesto las competencias e independencia de poderes\u201d.<\/p>\n","protected":false},"excerpt":{"rendered":"<p>El ministro de Econom\u00eda Hugo Ballay, envi\u00f3 este mi\u00e9rcoles una nota de respuesta a los cuestionamientos hechos por un sector de la oposici\u00f3n al proceso de licitaci\u00f3n del servicio de agencia financiera de la provincia. En la respuesta, puntualiza el rol del Tribunal de Cuentas y las invitaciones a participar en el proceso &nbsp; \u201cEn primer lugar, y tal como se reconoce en su presentaci\u00f3n, el Poder Ejecutivo no est\u00e1 obligado a dar intervenci\u00f3n al Poder Legislativo del referido proceso licitatorio, por lo que, la creaci\u00f3n de una Comisi\u00f3n de&#8230;<\/p>\n","protected":false},"author":3,"featured_media":63880,"comment_status":"closed","ping_status":"closed","sticky":false,"template":"","format":"standard","meta":[],"categories":[9,15],"tags":[],"_links":{"self":[{"href":"https:\/\/www.actualidadadiario.com\/index.php\/wp-json\/wp\/v2\/posts\/63879"}],"collection":[{"href":"https:\/\/www.actualidadadiario.com\/index.php\/wp-json\/wp\/v2\/posts"}],"about":[{"href":"https:\/\/www.actualidadadiario.com\/index.php\/wp-json\/wp\/v2\/types\/post"}],"author":[{"embeddable":true,"href":"https:\/\/www.actualidadadiario.com\/index.php\/wp-json\/wp\/v2\/users\/3"}],"replies":[{"embeddable":true,"href":"https:\/\/www.actualidadadiario.com\/index.php\/wp-json\/wp\/v2\/comments?post=63879"}],"version-history":[{"count":2,"href":"https:\/\/www.actualidadadiario.com\/index.php\/wp-json\/wp\/v2\/posts\/63879\/revisions"}],"predecessor-version":[{"id":63882,"href":"https:\/\/www.actualidadadiario.com\/index.php\/wp-json\/wp\/v2\/posts\/63879\/revisions\/63882"}],"wp:featuredmedia":[{"embeddable":true,"href":"https:\/\/www.actualidadadiario.com\/index.php\/wp-json\/wp\/v2\/media\/63880"}],"wp:attachment":[{"href":"https:\/\/www.actualidadadiario.com\/index.php\/wp-json\/wp\/v2\/media?parent=63879"}],"wp:term":[{"taxonomy":"category","embeddable":true,"href":"https:\/\/www.actualidadadiario.com\/index.php\/wp-json\/wp\/v2\/categories?post=63879"},{"taxonomy":"post_tag","embeddable":true,"href":"https:\/\/www.actualidadadiario.com\/index.php\/wp-json\/wp\/v2\/tags?post=63879"}],"curies":[{"name":"wp","href":"https:\/\/api.w.org\/{rel}","templated":true}]}}