{"id":63876,"date":"2020-07-08T12:21:43","date_gmt":"2020-07-08T15:21:43","guid":{"rendered":"https:\/\/www.actualidadadiario.com\/?p=63876"},"modified":"2020-07-08T12:21:43","modified_gmt":"2020-07-08T15:21:43","slug":"la-industria-audiovisual-de-entre-rios-a-favor-del-impuesto-a-plataformas-digitales","status":"publish","type":"post","link":"https:\/\/www.actualidadadiario.com\/index.php\/2020\/07\/08\/la-industria-audiovisual-de-entre-rios-a-favor-del-impuesto-a-plataformas-digitales\/","title":{"rendered":"La industria audiovisual de Entre R\u00edos, a favor del impuesto a plataformas digitales"},"content":{"rendered":"<p style=\"text-align: center;\"><em><strong>Los representantes de la Industria Audiovisual Entrerriana consideraron \u201cpositivo e indispensable\u201d que se impulse esta ley, pero reclamaron que \u201cse incorpore un art\u00edculo en donde se especifique que el 50% de dicho impuesto se destinar\u00e1 directamente al fomento audiovisual mientras dure la emergencia\u201d y que, tras la crisis, se le consigne el 100% de lo recaudado<\/strong><\/em><\/p>\n<p>&nbsp;<\/p>\n<p>&nbsp;<\/p>\n<p>\u201cEs un reclamo hist\u00f3rico de nuestro sector\u201d, afirmaron quienes integran la C\u00e1mara de Productores Audiovisuales de Entre R\u00edos (Capaer), la Asociaci\u00f3n de Realizadores Audiovisuales de Entre R\u00edos (ARAER) y el Colectivo de Cineastas Entrerrianos (CDCER), en un documento.<\/p>\n<p>En el texto expresaron su apoyo a la iniciativa presentada por las diputadas y los diputados del bloque Justicialista Frente Creer, mediante el cual se pretende incluir en el C\u00f3digo Tributario la al\u00edcuota especial del 3% a los ingresos derivados de la comercializaci\u00f3n de servicios de suscripci\u00f3n online para el acceso a toda clase de entretenimientos audiovisuales.<\/p>\n<p>\u201cPermitir que empresas extranjeras presten servicios digitales en el territorio de la Provincia de Entre R\u00edos, implica tambi\u00e9n una responsabilidad y una obligaci\u00f3n sobre las pol\u00edticas audiovisuales a tomar por nuestros representantes\u201d, subrayaron los realizadores audiovisuales.<\/p>\n<p>Tras remarcar que es \u201cpositivo e indispensable que se promulgue la ley de lo que consideramos un recurso leg\u00edtimo del sector audiovisual\u201d, aclararon que es \u201cimperiosamente necesario que en dicho proyecto se incorpore un art\u00edculo en donde se especifique que el 50% de dicho impuesto se destinar\u00e1 directamente al fomento audiovisual mientras dure la emergencia y al terminar dicha crisis corresponder\u00e1 el 100% al fomento del sector audiovisual entrerriano de la mano de la nueva ley de fomento audiovisual\u201d.<\/p>\n","protected":false},"excerpt":{"rendered":"<p>Los representantes de la Industria Audiovisual Entrerriana consideraron \u201cpositivo e indispensable\u201d que se impulse esta ley, pero reclamaron que \u201cse incorpore un art\u00edculo en donde se especifique que el 50% de dicho impuesto se destinar\u00e1 directamente al fomento audiovisual mientras dure la emergencia\u201d y que, tras la crisis, se le consigne el 100% de lo recaudado &nbsp; &nbsp; \u201cEs un reclamo hist\u00f3rico de nuestro sector\u201d, afirmaron quienes integran la C\u00e1mara de Productores Audiovisuales de Entre R\u00edos (Capaer), la Asociaci\u00f3n de Realizadores Audiovisuales de Entre R\u00edos (ARAER) y el Colectivo de&#8230;<\/p>\n","protected":false},"author":3,"featured_media":63877,"comment_status":"closed","ping_status":"closed","sticky":false,"template":"","format":"standard","meta":[],"categories":[15],"tags":[],"_links":{"self":[{"href":"https:\/\/www.actualidadadiario.com\/index.php\/wp-json\/wp\/v2\/posts\/63876"}],"collection":[{"href":"https:\/\/www.actualidadadiario.com\/index.php\/wp-json\/wp\/v2\/posts"}],"about":[{"href":"https:\/\/www.actualidadadiario.com\/index.php\/wp-json\/wp\/v2\/types\/post"}],"author":[{"embeddable":true,"href":"https:\/\/www.actualidadadiario.com\/index.php\/wp-json\/wp\/v2\/users\/3"}],"replies":[{"embeddable":true,"href":"https:\/\/www.actualidadadiario.com\/index.php\/wp-json\/wp\/v2\/comments?post=63876"}],"version-history":[{"count":1,"href":"https:\/\/www.actualidadadiario.com\/index.php\/wp-json\/wp\/v2\/posts\/63876\/revisions"}],"predecessor-version":[{"id":63878,"href":"https:\/\/www.actualidadadiario.com\/index.php\/wp-json\/wp\/v2\/posts\/63876\/revisions\/63878"}],"wp:featuredmedia":[{"embeddable":true,"href":"https:\/\/www.actualidadadiario.com\/index.php\/wp-json\/wp\/v2\/media\/63877"}],"wp:attachment":[{"href":"https:\/\/www.actualidadadiario.com\/index.php\/wp-json\/wp\/v2\/media?parent=63876"}],"wp:term":[{"taxonomy":"category","embeddable":true,"href":"https:\/\/www.actualidadadiario.com\/index.php\/wp-json\/wp\/v2\/categories?post=63876"},{"taxonomy":"post_tag","embeddable":true,"href":"https:\/\/www.actualidadadiario.com\/index.php\/wp-json\/wp\/v2\/tags?post=63876"}],"curies":[{"name":"wp","href":"https:\/\/api.w.org\/{rel}","templated":true}]}}