{"id":63873,"date":"2020-07-08T12:20:53","date_gmt":"2020-07-08T15:20:53","guid":{"rendered":"https:\/\/www.actualidadadiario.com\/?p=63873"},"modified":"2020-07-08T12:20:53","modified_gmt":"2020-07-08T15:20:53","slug":"el-gobierno-provincial-trabaja-en-forma-simultanea-en-infraestructura-escolar-y-protocolos-sanitarios","status":"publish","type":"post","link":"https:\/\/www.actualidadadiario.com\/index.php\/2020\/07\/08\/el-gobierno-provincial-trabaja-en-forma-simultanea-en-infraestructura-escolar-y-protocolos-sanitarios\/","title":{"rendered":"El gobierno provincial trabaja en forma simult\u00e1nea en infraestructura escolar y protocolos sanitarios"},"content":{"rendered":"<p style=\"text-align: center;\"><em><strong>El gobierno provincial se prepara para el reinicio de las clases presenciales que definir\u00e1 junto al gobierno nacional con obras de reparaci\u00f3n de edificios escolares y la readecuaci\u00f3n de los protocolos sanitarios<\/strong><\/em><\/p>\n<p>&nbsp;<\/p>\n<p>&nbsp;<\/p>\n<p>El gobernador Gustavo Bordet, junto a la vicegobernadora Laura Stratta, mantuvo una reuni\u00f3n de trabajo con el ministro de Planeamiento, Marcelo Richard, y el presidente del Consejo General de Educaci\u00f3n, Mart\u00edn M\u00fcller. Adem\u00e1s, se trabaja en los espacios para el reinicio de clases y la readecuaci\u00f3n a los protocolos sanitarios.<\/p>\n<p>Al respecto, Richard inform\u00f3 que &#8220;se analiz\u00f3 la situaci\u00f3n de la infraestructura escolar. Asistiendo y articulando con el Consejo General de Educaci\u00f3n respecto de las intervenciones que se vienen haciendo en el marco de la emergencia de los establecimientos educativo y en el del plan de obra en el que ya se trabaja&#8221;. Coment\u00f3 que &#8220;en algunos casos, las obra neutralizadas por la situaci\u00f3n de crisis, y ahora se est\u00e1n retomando las obras en diversos establecimientos&#8221;.<\/p>\n<p>Indic\u00f3 luego que, &#8220;desde el punto de vista de la emergencia, se tiene 220 establecimientos intervenidos, y se est\u00e1 trabajando en algunos de ellos con avances del 80 por ciento finalizados y en los que se invirti\u00f3 m\u00e1s de 150 millones de pesos para atender situaciones que implican reparaciones y trabajos menores en establecimientos de todos los departamentos, en articulaci\u00f3n con las departamentales de escuelas, con jefes zonales de arquitectura y el Consejo General de Educaci\u00f3n&#8221;, detall\u00f3.<\/p>\n<p>Consultado sobre el posible reinicio de clases, el ministro Richard sostuvo que &#8220;eso implica una planificaci\u00f3n que se articular con el CGE para llegar una situaci\u00f3n con los protocolos y poder responder a los establecidos desde Naci\u00f3n y la provincia. Se tomar\u00e1n las medidas necesarias para adecuar las aulas y algunos espacios para dar clases de acuerdo a los criterios establecidos en los protocolos sanitarios&#8221;, detall\u00f3.<\/p>\n<p>Por su parte, el presidente del CGE sostuvo que para el reinicio de clases, &#8220;la idea en esta etapa es trabajar sobre la adaptaci\u00f3n del marco que da el protocolo nacional para adaptarlo a la realidad provincial. Se tiene un esquema de trabajo que primero se aborda desde la infraestructura porque es central para garantizar los criterios m\u00ednimos de higiene y seguridad sanitaria que establece el protocolo&#8221;.<\/p>\n<p>Detall\u00f3 que en lo que refiere lo pedag\u00f3gico, M\u00fcller &#8220;se plantear\u00e1 seguramente una situaci\u00f3n de gradualidad y de regreso paulatino que permita evaluar las condiciones en t\u00e9rminos de cuantos cursos pueden ir incorpor\u00e1ndose, y de qu\u00e9 edades pueden adaptarse a esta nueva normalidad y con los criterios de distanciamiento social e higiene personal, entre otros&#8221;.<\/p>\n<p>&#8220;Somos relativamente optimista en relaci\u00f3n al trabajo que se viene haciendo desde hace tiempo en este marco con otras \u00e1reas de gobierno en que nos permitir\u00e1 ir solucionando y atendiendo las demandas necesarias que establece el protocolo de insumos, condiciones docentes y para los estudiantes que tendr\u00e1n que convivir con momentos de presencialidad y de virtualidad&#8221;, explic\u00f3.<\/p>\n<p>En cuanto al din\u00e1mica que se dar\u00e1, el presidente del CGE sostuvo que &#8220;se ir\u00e1 viendo el mapa de la provincia en t\u00e9rminos porque m\u00e1s de la mitad de los departamentos de la provincia no han tenido casos o ya hace tiempo que no los tienen. En ese sentido, se evaluar\u00e1 c\u00f3mo evoluciona para pensar en una vuelta a clase en aquellos lugares en los que las condiciones sanitarias lo permitan. Esto es din\u00e1mico, y por ello tampoco se pueden pensar en directivas definitivas. En ese marco, tambi\u00e9n pensar en retrotraernos en aquellos casos en los que deba hacerse porque la prioridad es el cuidado de la salud de nuestras familias&#8221;, concluy\u00f3.<\/p>\n","protected":false},"excerpt":{"rendered":"<p>El gobierno provincial se prepara para el reinicio de las clases presenciales que definir\u00e1 junto al gobierno nacional con obras de reparaci\u00f3n de edificios escolares y la readecuaci\u00f3n de los protocolos sanitarios &nbsp; &nbsp; El gobernador Gustavo Bordet, junto a la vicegobernadora Laura Stratta, mantuvo una reuni\u00f3n de trabajo con el ministro de Planeamiento, Marcelo Richard, y el presidente del Consejo General de Educaci\u00f3n, Mart\u00edn M\u00fcller. Adem\u00e1s, se trabaja en los espacios para el reinicio de clases y la readecuaci\u00f3n a los protocolos sanitarios. Al respecto, Richard inform\u00f3 que &#8220;se&#8230;<\/p>\n","protected":false},"author":3,"featured_media":63874,"comment_status":"closed","ping_status":"closed","sticky":false,"template":"","format":"standard","meta":[],"categories":[15],"tags":[],"_links":{"self":[{"href":"https:\/\/www.actualidadadiario.com\/index.php\/wp-json\/wp\/v2\/posts\/63873"}],"collection":[{"href":"https:\/\/www.actualidadadiario.com\/index.php\/wp-json\/wp\/v2\/posts"}],"about":[{"href":"https:\/\/www.actualidadadiario.com\/index.php\/wp-json\/wp\/v2\/types\/post"}],"author":[{"embeddable":true,"href":"https:\/\/www.actualidadadiario.com\/index.php\/wp-json\/wp\/v2\/users\/3"}],"replies":[{"embeddable":true,"href":"https:\/\/www.actualidadadiario.com\/index.php\/wp-json\/wp\/v2\/comments?post=63873"}],"version-history":[{"count":1,"href":"https:\/\/www.actualidadadiario.com\/index.php\/wp-json\/wp\/v2\/posts\/63873\/revisions"}],"predecessor-version":[{"id":63875,"href":"https:\/\/www.actualidadadiario.com\/index.php\/wp-json\/wp\/v2\/posts\/63873\/revisions\/63875"}],"wp:featuredmedia":[{"embeddable":true,"href":"https:\/\/www.actualidadadiario.com\/index.php\/wp-json\/wp\/v2\/media\/63874"}],"wp:attachment":[{"href":"https:\/\/www.actualidadadiario.com\/index.php\/wp-json\/wp\/v2\/media?parent=63873"}],"wp:term":[{"taxonomy":"category","embeddable":true,"href":"https:\/\/www.actualidadadiario.com\/index.php\/wp-json\/wp\/v2\/categories?post=63873"},{"taxonomy":"post_tag","embeddable":true,"href":"https:\/\/www.actualidadadiario.com\/index.php\/wp-json\/wp\/v2\/tags?post=63873"}],"curies":[{"name":"wp","href":"https:\/\/api.w.org\/{rel}","templated":true}]}}