{"id":63870,"date":"2020-07-08T12:20:05","date_gmt":"2020-07-08T15:20:05","guid":{"rendered":"https:\/\/www.actualidadadiario.com\/?p=63870"},"modified":"2020-07-08T12:20:05","modified_gmt":"2020-07-08T15:20:05","slug":"se-suman-14-respiradores-al-sistema-sanitario-provincial","status":"publish","type":"post","link":"https:\/\/www.actualidadadiario.com\/index.php\/2020\/07\/08\/se-suman-14-respiradores-al-sistema-sanitario-provincial\/","title":{"rendered":"Se suman 14 respiradores al sistema sanitario provincial"},"content":{"rendered":"<p style=\"text-align: center;\"><em><strong>El Ministerio de Salud de Entre R\u00edos est\u00e1 distribuyendo 14 nuevos respiradores con su equipamiento complementario para continuar dotando a la red de atenci\u00f3n de los recursos t\u00e9cnicos ante la Pandemia por Coronavirus<\/strong><\/em><\/p>\n<p>&nbsp;<\/p>\n<p>&nbsp;<\/p>\n<p>Ante la Pandemia por Covid-19, el gobierno provincial, a trav\u00e9s del Ministerio de Salud, ha reformulado sus ejes de articulaci\u00f3n para sostener y mejorar el sistema sanitario tanto en materia de recursos como de servicios. En ese contexto por estas horas se est\u00e1n distribuyendo otros 14 respiradores de uso tanto en adultos como pedi\u00e1trico que permitir\u00e1n ampliar el n\u00famero de camas de Unidad de Terapia Intensiva (UTI).<\/p>\n<p>En la oportunidad, recibir\u00e1n cuatro unidades los hospitales San Mart\u00edn de Paran\u00e1 y Centenario de Gualeguaych\u00fa respectivamente; dos el Delicia Concepci\u00f3n Masvernat de Concordia al igual que el San Antonio de Gualeguay, uno el Santa Rosa de Chajar\u00ed y el restante se entregar\u00e1 en comodato a un efector privado.<\/p>\n<p>Adem\u00e1s cada respirador va acompa\u00f1ado de un monitor multiparam\u00e9trico y dos bombas de infusi\u00f3n, aparatolog\u00eda complementaria que fue adquirida por la provincia con recursos propios a trav\u00e9s de distintos procedimientos administrativos. Tambi\u00e9n, algunos establecimientos, recibieron camas hospitalarias con las caracter\u00edsticas espec\u00edficas para unidades de terapia.<\/p>\n<p>De esta manera, el n\u00famero de camas UTI de la provincia asciende a 260 totales, contabilizando tanto las de la red p\u00fablica (116) como privada (144), siendo que en marzo de 2020 eran 197.<\/p>\n<p>&nbsp;<\/p>\n<p><strong>Entregas previas<\/strong><\/p>\n<p>Paulatinamente, y en el marco de la pandemia, se han distribuido en total en distintos establecimientos de salud de la provincia 50 respiradores que han permitido optimizar la cantidad de camas de terapia intensiva.<\/p>\n<p>En anteriores entregas recibieron unidades los hospitales San Mart\u00edn de Paran\u00e1 (6); Delicia Concepci\u00f3n Masvernat de Concordia (5); San Benjam\u00edn de Col\u00f3n (4); Justo Jos\u00e9 de Urquiza de Concepci\u00f3n del Uruguay (5); Centenario de Gualeguaych\u00fa (5); San Antonio de Gualeguay (3); 9 de Julio de La Paz (2); Ferm\u00edn Salaberry de Victoria (2); San Jos\u00e9 de Diamante (1); Santa Rosa de Chajar\u00ed (2) y Sanatorio Americano de Villaguay (1).<\/p>\n","protected":false},"excerpt":{"rendered":"<p>El Ministerio de Salud de Entre R\u00edos est\u00e1 distribuyendo 14 nuevos respiradores con su equipamiento complementario para continuar dotando a la red de atenci\u00f3n de los recursos t\u00e9cnicos ante la Pandemia por Coronavirus &nbsp; &nbsp; Ante la Pandemia por Covid-19, el gobierno provincial, a trav\u00e9s del Ministerio de Salud, ha reformulado sus ejes de articulaci\u00f3n para sostener y mejorar el sistema sanitario tanto en materia de recursos como de servicios. En ese contexto por estas horas se est\u00e1n distribuyendo otros 14 respiradores de uso tanto en adultos como pedi\u00e1trico que&#8230;<\/p>\n","protected":false},"author":3,"featured_media":63871,"comment_status":"closed","ping_status":"closed","sticky":false,"template":"","format":"standard","meta":[],"categories":[9,15],"tags":[],"_links":{"self":[{"href":"https:\/\/www.actualidadadiario.com\/index.php\/wp-json\/wp\/v2\/posts\/63870"}],"collection":[{"href":"https:\/\/www.actualidadadiario.com\/index.php\/wp-json\/wp\/v2\/posts"}],"about":[{"href":"https:\/\/www.actualidadadiario.com\/index.php\/wp-json\/wp\/v2\/types\/post"}],"author":[{"embeddable":true,"href":"https:\/\/www.actualidadadiario.com\/index.php\/wp-json\/wp\/v2\/users\/3"}],"replies":[{"embeddable":true,"href":"https:\/\/www.actualidadadiario.com\/index.php\/wp-json\/wp\/v2\/comments?post=63870"}],"version-history":[{"count":1,"href":"https:\/\/www.actualidadadiario.com\/index.php\/wp-json\/wp\/v2\/posts\/63870\/revisions"}],"predecessor-version":[{"id":63872,"href":"https:\/\/www.actualidadadiario.com\/index.php\/wp-json\/wp\/v2\/posts\/63870\/revisions\/63872"}],"wp:featuredmedia":[{"embeddable":true,"href":"https:\/\/www.actualidadadiario.com\/index.php\/wp-json\/wp\/v2\/media\/63871"}],"wp:attachment":[{"href":"https:\/\/www.actualidadadiario.com\/index.php\/wp-json\/wp\/v2\/media?parent=63870"}],"wp:term":[{"taxonomy":"category","embeddable":true,"href":"https:\/\/www.actualidadadiario.com\/index.php\/wp-json\/wp\/v2\/categories?post=63870"},{"taxonomy":"post_tag","embeddable":true,"href":"https:\/\/www.actualidadadiario.com\/index.php\/wp-json\/wp\/v2\/tags?post=63870"}],"curies":[{"name":"wp","href":"https:\/\/api.w.org\/{rel}","templated":true}]}}