{"id":63861,"date":"2020-07-06T12:46:19","date_gmt":"2020-07-06T15:46:19","guid":{"rendered":"https:\/\/www.actualidadadiario.com\/?p=63861"},"modified":"2020-07-06T12:46:19","modified_gmt":"2020-07-06T15:46:19","slug":"murio-ennio-morricone-maestro-de-las-bandas-sonoras","status":"publish","type":"post","link":"https:\/\/www.actualidadadiario.com\/index.php\/2020\/07\/06\/murio-ennio-morricone-maestro-de-las-bandas-sonoras\/","title":{"rendered":"Muri\u00f3 Ennio Morricone, maestro de las bandas sonoras"},"content":{"rendered":"<p style=\"text-align: center;\"><em><strong>El m\u00fasico romano fue un artesano prodigioso, de los que hicieron de la m\u00fasica para cine un g\u00e9nero en s\u00ed, capaz de sobrevivir a la imagen para instalarse en el imaginario de una \u00e9poca<\/strong><\/em><\/p>\n<p>&nbsp;<\/p>\n<p>&nbsp;<\/p>\n<p>\u201cAl amanecer del 6 de julio, en Roma, con el consuelo de la fe, muri\u00f3 Ennio Morricone\u201d. As\u00ed lo anunci\u00f3 esta ma\u00f1ana, en nombre de la familia, el representante del compositor. Morricone, creador de algunas de las m\u00e1s bellas columnas sonoras del cine del siglo XX, muri\u00f3 en una cl\u00ednica romana donde hab\u00eda sido internado por las complicaciones de una rotura de f\u00e9mur, producto de una ca\u00edda. Ten\u00eda 91 a\u00f1os. La ceremonia f\u00fanebre se realizar\u00e1 en la intimidad familiar, \u201cen el respeto del sentimiento de humildad que inspir\u00f3 su existencia\u201d, agrega el anuncio, que destaca adem\u00e1s que el compositor conserv\u00f3 hasta el final \u201cplena lucidez y gran dignidad\u201d.<\/p>\n<p>La noticia de la muerte de Morricone recorri\u00f3 enseguida el mundo y despert\u00f3 afectuosas reacciones y recuerdos. \u201cUn maestro admirado y un amigo. Un m\u00fasico extraordinario, no solo por su m\u00fasica para el cine, tambi\u00e9n por su producci\u00f3n para concierto\u201d, escribi\u00f3 el director de orquesta Riccardo Muttien las redes sociales. \u201cCon Ennio se va un pedazo de cine mundial\u201d, coment\u00f3 el productor Aurelio Di Laurentis. Tambi\u00e9n Sergio Mattarella, Presidente de la Rep\u00fablica Italiana, tuvo sentidas palabras: \u201cLa partida de Ennio Morricone nos priva de un artista distinguido e ingenioso. Un m\u00fasico refinado y popular al mismo tiempo, que dej\u00f3 una profunda huella en la historia musical de la segunda mitad del siglo XX. A trav\u00e9s de sus bandas sonoras contribuy\u00f3 en gran medida a difundir y fortalecer el prestigio del Italia en el mundo\u201d, expres\u00f3 el mandatario.<\/p>\n<p>Morricone hab\u00eda nacido en Roma el 10 de noviembre de 1928. Se form\u00f3 en la Academia de Santa Cecilia, donde se gradu\u00f3 en trompeta, composici\u00f3n, instrumentaci\u00f3n, direcci\u00f3n de banda y m\u00fasica coral. Alumno dilecto de Goffredo Petrassi, en su juventud Morricone integr\u00f3 el grupo de m\u00fasica experimental Nuova Consonanza y compuso m\u00fasica de concierto seg\u00fan el mandate est\u00e9tico de las vanguardias de pos guerra. Comenz\u00f3 a trabajar para el cine en 1961, con la columna sonora para la pel\u00edcula IlFederale, de Luciano Salce. Por esa \u00e9poca trabaj\u00f3 tambi\u00e9n como arreglador de algunos de los nombres importantes de la canci\u00f3n italiana, como Mina y Gianni Morandi. En 1970 fue el arreglador y director musical de Per un pugno di samba, un disco italiano de Chico Buarque y en 1978 compuso la canci\u00f3n oficial del Mundial de f\u00fatbol que se jug\u00f3 en la Argentina.<\/p>\n<p>Para sus primeras columnas sonoras en el universo del \u201cspaghetti western\u201d, acaso temeroso de poner en juego su estatus de m\u00fasico \u201cde conservatorio\u201d, Morricone utiliz\u00f3 el seud\u00f3nimo de Dan Savio. M\u00e1s tarde, sin embargo, asumi\u00f3 su nombre real y enseguida se convirti\u00f3 en uno de los compositores de m\u00fasica de cine m\u00e1s prestigiosos de su tiempo. La intuici\u00f3n mel\u00f3dica \u2013para la que utiliz\u00f3 con frecuencia la voz humana\u2013 y la maestr\u00eda orquestal puestas al servicio de la imagen y el clima expresivo de la pel\u00edcula lo distinguieron en una \u00e9poca de relaciones grandiosas entre sonido y celuloide.<\/p>\n<p>La m\u00fasica para Por un pu\u00f1ado de d\u00f3lares (1964), fue el inicio de una colaboraci\u00f3n fecunda y exitosa con el director Sergio Leone, compa\u00f1ero desde la escuela primaria, con quien cultiv\u00f3 una simbiosis comparable a la que lograron Federico Fellini y Nino Rota o, en otro registro expresivo, Bernard Herrmann y Alfred Hitchcock. As\u00ed comenz\u00f3 lo que se conoci\u00f3 como \u201cLa trilog\u00eda del d\u00f3lar\u201d, que se complet\u00f3 con Por unos d\u00f3lares m\u00e1s (1965) y El bueno, el malo y el feo (1966),y se prolong\u00f3 en la \u201cTrilog\u00eda del tiempo\u201d, con \u00c9rase una vez el Oeste (1968), Los h\u00e9roes de la mesa verde (1972) y \u00c9rase una vez en Am\u00e9rica (1984).<\/p>\n<p>Adem\u00e1s de las polvorientas haza\u00f1as de los pistoleros de Leone y DuccioTessari, la m\u00fasica de Morricone coment\u00f3 la vindicaci\u00f3n anticolonial de La batalla de Argel (1966) de Gillo Pontecorvo y el vagabundaje del genial Tot\u00f3 en Uccellacci e Uccellini (1966), de Pier Paolo Pasolini. A lo largo de seis d\u00e9cadas y m\u00e1s de 500 partituras firmadas, compuso tambi\u00e9n para otros directores importantes, en Italia y el mundo. Investigaci\u00f3n sobre un ciudadano libre de toda sospecha (1970), de Elio Petri; Sacco y Vanzetti (1971), de Giuliano Montaldo; La cosa (1982), de John Carpenter; La misi\u00f3n (1986), de Roland Joff\u00e9; Los intocables (1987), de Brian De Palma; Bugsy (1991), de Barry Levinson; Lobo (1994), de Mike Nichols; U Turn (1997), de Oliver Stone, son algunos de los t\u00edtulos que tienen sus columnas sonoras. Quentin Tarantino, que le rindi\u00f3 homenaje en Kill Bill (2003) y Bastardos sin gloria (2009), le dio la oportunidad de ganar un Oscar, despu\u00e9s de haber estado nominado en cinco oportunidades. Fue con la m\u00fasica para Los ocho m\u00e1s odiados (2016).<\/p>\n<p>En 2007, el compositor hab\u00eda recibido el Oscar a la trayectoria. Ese fue un momento sobresaliente para un trabajo que tambi\u00e9n fue reconocido con el Le\u00f3n de Oro a la trayectoria en el Festival de Venecia, tres Grammy y cuatro Golden Globes en Estados Unidos, diez David de Donatello de la Academia del Cine de Italia, entre muchos otros. A principios de junio hab\u00eda sido galardonado con el premio Princesa de Asturias de las Artes, en Espa\u00f1a, junto con su colega John Williams.<\/p>\n<p>Prol\u00edfica fue tambi\u00e9n la relaci\u00f3n de Morricone con Giuseppe Tornatore, colaboraci\u00f3n que tuvo su punto culminante en Cinema Paradiso (1988). En 2018 el director siciliano, que film\u00f3 un documental sobre Morricone cuando el compositor recibi\u00f3 el Oscar en 2016, realiz\u00f3 la entrevista para el libro Ennio &#8211; The Maestro. Sobre esta conversaci\u00f3n tambi\u00e9n se realizar\u00e1 un documental, firmado por el mismo Tornatore, que se estrenar\u00e1 en la segunda mitad del a\u00f1o, cuando pase pandemia.<\/p>\n<p>Entre Bach, Stravisnky y la canci\u00f3n italiana, Morricone fue un artesano prodigioso, de los que hicieron de la m\u00fasica para cine un g\u00e9nero en s\u00ed, capaz de sobrevivir a la imagen para instalarse en el imaginario de una \u00e9poca.<\/p>\n","protected":false},"excerpt":{"rendered":"<p>El m\u00fasico romano fue un artesano prodigioso, de los que hicieron de la m\u00fasica para cine un g\u00e9nero en s\u00ed, capaz de sobrevivir a la imagen para instalarse en el imaginario de una \u00e9poca &nbsp; &nbsp; \u201cAl amanecer del 6 de julio, en Roma, con el consuelo de la fe, muri\u00f3 Ennio Morricone\u201d. As\u00ed lo anunci\u00f3 esta ma\u00f1ana, en nombre de la familia, el representante del compositor. Morricone, creador de algunas de las m\u00e1s bellas columnas sonoras del cine del siglo XX, muri\u00f3 en una cl\u00ednica romana donde hab\u00eda sido&#8230;<\/p>\n","protected":false},"author":3,"featured_media":63862,"comment_status":"closed","ping_status":"closed","sticky":false,"template":"","format":"standard","meta":[],"categories":[4],"tags":[],"_links":{"self":[{"href":"https:\/\/www.actualidadadiario.com\/index.php\/wp-json\/wp\/v2\/posts\/63861"}],"collection":[{"href":"https:\/\/www.actualidadadiario.com\/index.php\/wp-json\/wp\/v2\/posts"}],"about":[{"href":"https:\/\/www.actualidadadiario.com\/index.php\/wp-json\/wp\/v2\/types\/post"}],"author":[{"embeddable":true,"href":"https:\/\/www.actualidadadiario.com\/index.php\/wp-json\/wp\/v2\/users\/3"}],"replies":[{"embeddable":true,"href":"https:\/\/www.actualidadadiario.com\/index.php\/wp-json\/wp\/v2\/comments?post=63861"}],"version-history":[{"count":1,"href":"https:\/\/www.actualidadadiario.com\/index.php\/wp-json\/wp\/v2\/posts\/63861\/revisions"}],"predecessor-version":[{"id":63863,"href":"https:\/\/www.actualidadadiario.com\/index.php\/wp-json\/wp\/v2\/posts\/63861\/revisions\/63863"}],"wp:featuredmedia":[{"embeddable":true,"href":"https:\/\/www.actualidadadiario.com\/index.php\/wp-json\/wp\/v2\/media\/63862"}],"wp:attachment":[{"href":"https:\/\/www.actualidadadiario.com\/index.php\/wp-json\/wp\/v2\/media?parent=63861"}],"wp:term":[{"taxonomy":"category","embeddable":true,"href":"https:\/\/www.actualidadadiario.com\/index.php\/wp-json\/wp\/v2\/categories?post=63861"},{"taxonomy":"post_tag","embeddable":true,"href":"https:\/\/www.actualidadadiario.com\/index.php\/wp-json\/wp\/v2\/tags?post=63861"}],"curies":[{"name":"wp","href":"https:\/\/api.w.org\/{rel}","templated":true}]}}