{"id":63855,"date":"2020-07-06T12:44:25","date_gmt":"2020-07-06T15:44:25","guid":{"rendered":"https:\/\/www.actualidadadiario.com\/?p=63855"},"modified":"2020-07-06T12:44:25","modified_gmt":"2020-07-06T15:44:25","slug":"mas-de-30-presos-escaparon-de-una-carcel-brasilena-cerca-de-la-triple-frontera","status":"publish","type":"post","link":"https:\/\/www.actualidadadiario.com\/index.php\/2020\/07\/06\/mas-de-30-presos-escaparon-de-una-carcel-brasilena-cerca-de-la-triple-frontera\/","title":{"rendered":"M\u00e1s de 30 presos escaparon de una c\u00e1rcel brasile\u00f1a cerca de la triple frontera"},"content":{"rendered":"<p style=\"text-align: center;\"><em><strong>La huida de los presidiarios, 31 hombres y tres mujeres, ocurri\u00f3 este domingo por la madrugada en la prisi\u00f3n p\u00fablica de Medianeira, en el estado sure\u00f1o de Paran\u00e1<\/strong><\/em><\/p>\n<p>&nbsp;<\/p>\n<p>Al menos 34 presos fugaron este domingo de una c\u00e1rcel brasile\u00f1a con problemas de hacinamiento y situada cerca de Foz de Iguaz\u00fa, en la triple frontera con la Argentina y Paraguay, informaron fuentes oficiales.<\/p>\n<p>La huida de los presidiarios, 31 hombres y tres mujeres, ocurri\u00f3 esta madrugada en la prisi\u00f3n p\u00fablica de Medianeira, en el estado sure\u00f1o de Paran\u00e1, precis\u00f3 en un comunicado el Departamento Penitenciario del Gobierno regional, citado por la agencia de noticias EFE.<\/p>\n<p>La investigaci\u00f3n preliminar indica que los reclusos &#8220;contaron con ayuda externa para romper los candados de las puertas&#8221; del centro penitenciario y escapar.<\/p>\n<p>La c\u00e1rcel tiene capacidad para 55 presos, pero albergaba en ese momento a 111, seg\u00fan un funcionario de la c\u00e1rcel citado por medios locales y que prefiri\u00f3 no ser identificado.<\/p>\n<p>Agentes de la Polic\u00eda Militar de Foz de Iguaz\u00fa realizaban b\u00fasquedas en la regi\u00f3n y hab\u00edan recapturado a uno de los presos fugados.<\/p>\n<p>El sistema penitenciario brasile\u00f1o es considerado por organizaciones internacionales como uno de los &#8220;peores&#8221; y &#8220;m\u00e1s inhumanos&#8221; del mundo debido al alto hacinamiento, las rebeliones constantes, las p\u00e9simas condiciones de internamiento y el poder de las bandas criminales.<\/p>\n<p>La irrupci\u00f3n del coronavirus, que deja ya casi 1,6 millones de casos confirmados y m\u00e1s de 64.000 fallecidos en todo el pa\u00eds, complic\u00f3 a\u00fan m\u00e1s la situaci\u00f3n en las c\u00e1rceles brasile\u00f1as.<\/p>\n<p>El Departamento Penitenciario Nacional (Depen), organismo estatal responsable por una poblaci\u00f3n carcelaria de unas 750.000 personas, contabiliza cerca de 4.900 contagios y 62 muertos en las prisiones de todo Brasil, seg\u00fan el \u00faltimo balance oficial.<\/p>\n<p>Adem\u00e1s, investiga otros 1.146 casos considerados sospechosos a la espera de los resultados de los an\u00e1lisis. En cuanto al n\u00famero de curados, casi 3.000 presidiarios se han recuperado de la enfermedad.<\/p>\n<p>Pese a las acciones para contener el avance del coronavirus en las c\u00e1rceles, tan solo 16.747 presos han sido sometidos a pruebas de diagn\u00f3stico para el pat\u00f3geno, de acuerdo con el Depen.<\/p>\n","protected":false},"excerpt":{"rendered":"<p>La huida de los presidiarios, 31 hombres y tres mujeres, ocurri\u00f3 este domingo por la madrugada en la prisi\u00f3n p\u00fablica de Medianeira, en el estado sure\u00f1o de Paran\u00e1 &nbsp; Al menos 34 presos fugaron este domingo de una c\u00e1rcel brasile\u00f1a con problemas de hacinamiento y situada cerca de Foz de Iguaz\u00fa, en la triple frontera con la Argentina y Paraguay, informaron fuentes oficiales. La huida de los presidiarios, 31 hombres y tres mujeres, ocurri\u00f3 esta madrugada en la prisi\u00f3n p\u00fablica de Medianeira, en el estado sure\u00f1o de Paran\u00e1, precis\u00f3 en&#8230;<\/p>\n","protected":false},"author":3,"featured_media":63856,"comment_status":"closed","ping_status":"closed","sticky":false,"template":"","format":"standard","meta":[],"categories":[4],"tags":[],"_links":{"self":[{"href":"https:\/\/www.actualidadadiario.com\/index.php\/wp-json\/wp\/v2\/posts\/63855"}],"collection":[{"href":"https:\/\/www.actualidadadiario.com\/index.php\/wp-json\/wp\/v2\/posts"}],"about":[{"href":"https:\/\/www.actualidadadiario.com\/index.php\/wp-json\/wp\/v2\/types\/post"}],"author":[{"embeddable":true,"href":"https:\/\/www.actualidadadiario.com\/index.php\/wp-json\/wp\/v2\/users\/3"}],"replies":[{"embeddable":true,"href":"https:\/\/www.actualidadadiario.com\/index.php\/wp-json\/wp\/v2\/comments?post=63855"}],"version-history":[{"count":1,"href":"https:\/\/www.actualidadadiario.com\/index.php\/wp-json\/wp\/v2\/posts\/63855\/revisions"}],"predecessor-version":[{"id":63857,"href":"https:\/\/www.actualidadadiario.com\/index.php\/wp-json\/wp\/v2\/posts\/63855\/revisions\/63857"}],"wp:featuredmedia":[{"embeddable":true,"href":"https:\/\/www.actualidadadiario.com\/index.php\/wp-json\/wp\/v2\/media\/63856"}],"wp:attachment":[{"href":"https:\/\/www.actualidadadiario.com\/index.php\/wp-json\/wp\/v2\/media?parent=63855"}],"wp:term":[{"taxonomy":"category","embeddable":true,"href":"https:\/\/www.actualidadadiario.com\/index.php\/wp-json\/wp\/v2\/categories?post=63855"},{"taxonomy":"post_tag","embeddable":true,"href":"https:\/\/www.actualidadadiario.com\/index.php\/wp-json\/wp\/v2\/tags?post=63855"}],"curies":[{"name":"wp","href":"https:\/\/api.w.org\/{rel}","templated":true}]}}