{"id":63850,"date":"2020-07-06T12:42:02","date_gmt":"2020-07-06T15:42:02","guid":{"rendered":"https:\/\/www.actualidadadiario.com\/?p=63850"},"modified":"2020-07-06T12:42:02","modified_gmt":"2020-07-06T15:42:02","slug":"avanza-en-uruguay-el-plan-de-mano-dura","status":"publish","type":"post","link":"https:\/\/www.actualidadadiario.com\/index.php\/2020\/07\/06\/avanza-en-uruguay-el-plan-de-mano-dura\/","title":{"rendered":"Avanza en Uruguay el plan de mano dura"},"content":{"rendered":"<p style=\"text-align: center;\"><em><strong>Fiel expresi\u00f3n del modelo de pa\u00eds del presidente Luis Lacalle Pou, la norma aprobada en Diputados incluye la flexibilizaci\u00f3n de la leg\u00edtima defensa policial y los ataques al derecho a huelga<\/strong><\/em><\/p>\n<p>&nbsp;<\/p>\n<p>&nbsp;<\/p>\n<p>Tras un largo e intenso debate, la C\u00e1mara de Representantes de Uruguay aprob\u00f3 en la madrugada del domingo la Ley de Urgente Consideraci\u00f3n (LUC), un cuestionado megaproyecto de 478 art\u00edculos que fue la plataforma de campa\u00f1a del presidente Luis Lacalle Pou.<\/p>\n<p>El extenso articulado es una fiel expresi\u00f3n del modelo de pa\u00eds de la &#8220;coalici\u00f3n multicolor&#8221; que gobierna al pa\u00eds. Los art\u00edculos m\u00e1s criticados por la oposici\u00f3n y los sindicatos incluyen una serie de leyes fiscales que favorecen al sector privado, medidas de seguridad que le otorgan m\u00e1s poder a las fuerzas represivas, y la criminalizaci\u00f3n de la protesta social. Una de las pocas medidas que despert\u00f3 la aprobaci\u00f3n de todos los sectores presentes durante la sesi\u00f3n fue la creaci\u00f3n del Ministerio de Ambiente.<\/p>\n<p>&#8220;Acabamos de terminar de votar en C\u00e1mara de Diputados el Proyecto de Ley de Urgente Consideraci\u00f3n. El reconocimiento a los siete partidos pol\u00edticos que intercambiaron posiciones en el marco de la tolerancia y el respeto&#8221;, destac\u00f3 en redes sociales Mart\u00edn Lema, presidente de la C\u00e1mara de Representantes, al t\u00e9rmino de la votaci\u00f3n. Despu\u00e9s de una extensa jornada que comenz\u00f3 el s\u00e1bado por la ma\u00f1ana y culmin\u00f3 a las seis de la ma\u00f1ana del domingo, los diputados aprobaron el articulado de esta ley que ahora volver\u00e1 al Senado, ya que se incluyeron cambios en el proyecto original.<\/p>\n<p>La aprobaci\u00f3n de este paquete de leyes es de vital importancia para el presidente Lacalle Pou y sus aliados pol\u00edticos. La diputada colorada Mar\u00eda Eugenia Rosell\u00f3 lo grafic\u00f3 durante la sesi\u00f3n asegurando que &#8220;es el buque insignia del gobierno de coalici\u00f3n&#8221;. El diputado del Partido Nacional, Alejo Umpi\u00e9rrez, asegur\u00f3 por su parte que &#8220;la gente vot\u00f3 por este cambio&#8221;, y que se trata de &#8220;una ley justa y popular que es hoja de ruta para el nuevo gobierno y que nos consolida como coalici\u00f3n demostrando la viabilidad pol\u00edtica de la misma&#8221;.<\/p>\n<p>El colorado Ope Pasquet resalt\u00f3 en la misma sinton\u00eda que el proyecto buscar\u00e1 &#8220;empezar a cumplir con lo comprometido con la ciudadan\u00eda&#8221; y que &#8220;un 99 por ciento del contenido ya estaba en el Compromiso para el Pa\u00eds&#8221; firmado entre los partidos de la coalici\u00f3n de gobierno. &#8220;Para seguir como est\u00e1bamos la gente debi\u00f3 votar al Frente Amplio. Ac\u00e1 estamos para cambiar las cosas. Y lo que procura esta ley es dotar de herramientas al gobierno para cumplir los objetivos&#8221;, afirm\u00f3 el diputado oficialista.<\/p>\n<p>Por el lado de la oposici\u00f3n, el diputado frenteamplista Gustavo Olmos asegur\u00f3 que el proyecto &#8220;tiene cosas muy perjudiciales contenidas en pocos art\u00edculos&#8221;, como por ejemplo, &#8220;la perforaci\u00f3n del derecho a huelga&#8221; o la leg\u00edtima defensa. &#8220;Este proyecto tiene mucho volumen, mucha masa, eleva la temperatura social y genera alta presi\u00f3n social. Va de lo p\u00fablico a lo privado, de la libertad al control y en econom\u00eda va de la transparencia hacia la opacidad&#8221;, agreg\u00f3 Olmos. Desde el aliado Movimiento de Participaci\u00f3n Popular (MPP), el sector al que pertenece el expresidente Jos\u00e9 Mujica (2010-2015), el diputado Eduardo Maldonado asegur\u00f3 que la ley &#8220;desde el cap\u00edtulo 1 recorta las libertades sindicales y criminaliza la protesta&#8221;.<\/p>\n<p>Por empezar, una de las mayores cr\u00edticas al proyecto es la urgente consideraci\u00f3n, ya que esta definici\u00f3n hace que la ley enviada por el Poder Ejecutivo deba estudiarse y votarse en un plazo acotado y no permita tanto tiempo de an\u00e1lisis. Tambi\u00e9n se cuestion\u00f3 el oportunismo, dado que se tramit\u00f3 en plena emergencia sanitaria, declarada el 13 de marzo por los primeros casos de covid-19 en el pa\u00eds.<\/p>\n<p>Desde este martes, la C\u00e1mara Alta tendr\u00e1 15 d\u00edas para analizar los cambios propuestos y aprobarlos. En caso de que esto no ocurra y el proyecto nuevamente sufra modificaciones, volver\u00e1 a ser analizado por la Asamblea General.<\/p>\n<p>Desde que se dio a conocer la LUC el pasado 23 de abril, varios de sus art\u00edculos recibieron duras cr\u00edticas por parte del Frente Amplio y organizaciones sociales y sindicales como el Plenario Intersindical de Trabajadores &#8211; Convenci\u00f3n Nacional de Trabajadores (PIT-CNT). Estos espacios rechazaron desde un principio la flexibilizaci\u00f3n de la leg\u00edtima defensa policial, los ataques al derecho a huelga o el intento de avanzar sobre la privatizaci\u00f3n de sectores esenciales como la educaci\u00f3n.<\/p>\n<p>El art\u00edculo 388, uno de los m\u00e1s pol\u00e9micos, garantiza &#8220;el ejercicio pac\u00edfico del derecho de huelga, el derecho de los no huelguistas a acceder y trabajar en los respectivos establecimientos y el derecho de las empresas a entrar a las instalaciones libremente&#8221;. La LUC tambi\u00e9n intenta poner fin a las ocupaciones de empresas, ante el insistente reclamo de las principales c\u00e1maras empresariales uruguayas. Otro de sus art\u00edculos declara &#8220;ileg\u00edtimos&#8221; a los piquetes que &#8220;impidan la libre circulaci\u00f3n&#8221;.<\/p>\n<p>Tambi\u00e9n se proponen cambios en el Instituto de Colonizaci\u00f3n, modificando criterios de exigencias a &#8220;colonos que reciben tierras estatales&#8221;, modificaciones que tambi\u00e9n son rechazadas por el frenteamplismo. Otro punto sensible que se aprob\u00f3 en la madrugada del domingo refiere a que la agresi\u00f3n f\u00edsica a polic\u00edas sea considerada un agravante de delito. &#8220;Ac\u00e1 parece que generamos el riesgo de que unos derechos valen m\u00e1s que otros, o se resguardan m\u00e1s que otros, o las libertades no son todas iguales&#8221;, asegur\u00f3 Lucia Etcheverry del MPP durante una sesi\u00f3n caliente que promete nuevos cap\u00edtulos.<\/p>\n","protected":false},"excerpt":{"rendered":"<p>Fiel expresi\u00f3n del modelo de pa\u00eds del presidente Luis Lacalle Pou, la norma aprobada en Diputados incluye la flexibilizaci\u00f3n de la leg\u00edtima defensa policial y los ataques al derecho a huelga &nbsp; &nbsp; Tras un largo e intenso debate, la C\u00e1mara de Representantes de Uruguay aprob\u00f3 en la madrugada del domingo la Ley de Urgente Consideraci\u00f3n (LUC), un cuestionado megaproyecto de 478 art\u00edculos que fue la plataforma de campa\u00f1a del presidente Luis Lacalle Pou. El extenso articulado es una fiel expresi\u00f3n del modelo de pa\u00eds de la &#8220;coalici\u00f3n multicolor&#8221; que&#8230;<\/p>\n","protected":false},"author":3,"featured_media":63851,"comment_status":"closed","ping_status":"closed","sticky":false,"template":"","format":"standard","meta":[],"categories":[4],"tags":[],"_links":{"self":[{"href":"https:\/\/www.actualidadadiario.com\/index.php\/wp-json\/wp\/v2\/posts\/63850"}],"collection":[{"href":"https:\/\/www.actualidadadiario.com\/index.php\/wp-json\/wp\/v2\/posts"}],"about":[{"href":"https:\/\/www.actualidadadiario.com\/index.php\/wp-json\/wp\/v2\/types\/post"}],"author":[{"embeddable":true,"href":"https:\/\/www.actualidadadiario.com\/index.php\/wp-json\/wp\/v2\/users\/3"}],"replies":[{"embeddable":true,"href":"https:\/\/www.actualidadadiario.com\/index.php\/wp-json\/wp\/v2\/comments?post=63850"}],"version-history":[{"count":1,"href":"https:\/\/www.actualidadadiario.com\/index.php\/wp-json\/wp\/v2\/posts\/63850\/revisions"}],"predecessor-version":[{"id":63852,"href":"https:\/\/www.actualidadadiario.com\/index.php\/wp-json\/wp\/v2\/posts\/63850\/revisions\/63852"}],"wp:featuredmedia":[{"embeddable":true,"href":"https:\/\/www.actualidadadiario.com\/index.php\/wp-json\/wp\/v2\/media\/63851"}],"wp:attachment":[{"href":"https:\/\/www.actualidadadiario.com\/index.php\/wp-json\/wp\/v2\/media?parent=63850"}],"wp:term":[{"taxonomy":"category","embeddable":true,"href":"https:\/\/www.actualidadadiario.com\/index.php\/wp-json\/wp\/v2\/categories?post=63850"},{"taxonomy":"post_tag","embeddable":true,"href":"https:\/\/www.actualidadadiario.com\/index.php\/wp-json\/wp\/v2\/tags?post=63850"}],"curies":[{"name":"wp","href":"https:\/\/api.w.org\/{rel}","templated":true}]}}