{"id":63847,"date":"2020-07-06T12:40:53","date_gmt":"2020-07-06T15:40:53","guid":{"rendered":"https:\/\/www.actualidadadiario.com\/?p=63847"},"modified":"2020-07-06T12:40:53","modified_gmt":"2020-07-06T15:40:53","slug":"pacto-social-habra-desde-hoy-mesas-sectoriales-entre-empresarios-y-sindicalistas","status":"publish","type":"post","link":"https:\/\/www.actualidadadiario.com\/index.php\/2020\/07\/06\/pacto-social-habra-desde-hoy-mesas-sectoriales-entre-empresarios-y-sindicalistas\/","title":{"rendered":"Pacto social: habr\u00e1 desde hoy mesas sectoriales entre empresarios y sindicalistas"},"content":{"rendered":"<p style=\"text-align: center;\"><em><strong>Hoy se encontrar\u00e1n el Foro de Emergencia Salarial y la CGT, mientras que ma\u00f1ana ser\u00e1 el turno de gremios y ACDE. Cerrar\u00e1 Alberto Fern\u00e1ndez<\/strong><\/em><\/p>\n<p>&nbsp;<\/p>\n<p>&nbsp;<\/p>\n<p>Una reuni\u00f3n entre el Foro de Convergencia Empresarial y la CGT dar\u00e1 hoy la se\u00f1al de largada para una serie de encuentros multisectoriales que, con mayor o menor involucramiento del Gobierno, buscar\u00e1n darle forma y sistematizar la agenda del eventual acuerdo econ\u00f3mico y social mencionado por Alberto Fern\u00e1ndez en campa\u00f1a y tras su asunci\u00f3n, y que pareci\u00f3 pasar a un segundo plano una vez decretada la cuarentena vigente. Esta misma semana tambi\u00e9n se encontrar\u00e1n la central sindical y la Asociaci\u00f3n Cristiana de Dirigentes de Empresas (ACDE) en un acto que cerrar\u00e1 el jefe de Estado, y con c\u00e1maras de peque\u00f1os medianos empresarios, mientras que el lunes que viene ser\u00e1 la Iglesia cat\u00f3lica la convocante a una cumbre multisectorial con gremios, empleadores y dirigentes de movimiento sociales.<\/p>\n<p>Las reuniones con el pacto social en vista, siempre virtuales por el endurecimiento de las normas del aislamiento social, se aceleraron conforme se alej\u00f3 el horizonte de levantamiento de la cuarentena. El agotamiento econ\u00f3mico y social, as\u00ed como la demora del Ejecutivo en dar a conocer un plan de reactivaci\u00f3n a la salida de la pandemia, liber\u00f3 las manos de los dirigentes gremiales, empresarios y piqueteros para avanzar al menos con los pasos preparatorios de un eventual acuerdo econ\u00f3mico y social.<\/p>\n<p>El primer paso ser\u00e1 la teleconferencia que sostendr\u00e1 esta ma\u00f1ana la mesa chica de la CGT con el Foro de Convergencia, un sello de lobby que nuclea a m\u00faltiples c\u00e1maras patronales de todos los rubros. La ventaja para la central sindical es que la entidad incluye a buena parte del denominado Grupo de los Seis (industriales, mercantiles, agro, finanzas y constructores) y una suerte de auspicio de la embajada de Estados Unidos as\u00ed como de varias c\u00e1maras de comercio bilaterales con otros pa\u00edses.<\/p>\n<p>El Foro cobr\u00f3 relevancia en el gobierno de Mauricio Macri como amplificador de la voz de los empresarios m\u00e1s afines al libre mercado y a una reforma laboral dr\u00e1stica. En los \u00faltimos a\u00f1os referenci\u00f3 a medio centenar de c\u00e1maras y espacios patronales tan dis\u00edmiles como la Uni\u00f3n Industrial, la Asociaci\u00f3n de Bancos de la Argentina (ABA), las cuatro patas de la mesa de enlace agropecuaria (Sociedad Rural, Confederaciones Rurales, Coninagro y Federaci\u00f3n Agraria) y las c\u00e1maras de Comercio (CAC) y Construcci\u00f3n (Camarco). Tambi\u00e9n la integran la c\u00e1mara de comercio argentino-estadounidense (Amcham), la Bolsa de Comercio, las entidades del rubro hotelero y gastron\u00f3mico, la Bolsa de Cereales, la Federaci\u00f3n de transportistas de carga (Fadeeac) y el coloquio de IDEA, entre otros.<\/p>\n<p>En la CGT coexisten dos miradas respecto del involucramiento del Gobierno en el di\u00e1logo social, a pesar de haber sido Alberto Fern\u00e1ndez su principal inspirador durante la campa\u00f1a electoral en 2019. H\u00e9ctor Daer, cotitular de la central, y buena parte de la \u201cmesa chica\u201d de conducci\u00f3n esperan una r\u00e1pida se\u00f1al oficial de integraci\u00f3n a las mesas de debate con los empresarios para acordar l\u00edneas de acci\u00f3n dirigidas a reanimar la econom\u00eda de la pospandemia. Dentro del mismo espacio ejecutivo de la CGT, Gerardo Mart\u00ednez (alba\u00f1iles, Uocra) y Andr\u00e9s Rodr\u00edguez (estatales, UPCN), levantaron la voz en las \u00faltimas semanas con quejas por el manejo que hizo el Ejecutivo de la cuarentena.<\/p>\n<p>Ambos tienen razones ligadas a sus sectores: la construcci\u00f3n es uno de los rubros que m\u00e1s personal perdi\u00f3 desde que arranc\u00f3 el aislamiento social y los trabajadores de la actividad tampoco pudieron acceder a los subsidios ATP ni IFE por contar con su propio r\u00e9gimen de fondo de cese laboral, una suerte de libreta de desempleo. Y a pesar del lobby conjunto de Mart\u00ednez y la C\u00e1mara de la Construcci\u00f3n hasta ahora las promesas oficiales de reactivaci\u00f3n por v\u00eda de la obra p\u00fablica no redundaron en la recuperaci\u00f3n esperada. Rodr\u00edguez, por su parte, se vio golpeado por el fraccionamiento de los aguinaldos que dispuso el Estado para su personal. Ambos, adem\u00e1s, integran con Jos\u00e9 Luis Lingeri el grupo de los denominados \u201cindependientes\u201d en la CGT que siempre se jact\u00f3 de contar con el di\u00e1logo m\u00e1s fluido con el gobierno de turno, aunque hasta ahora Alberto Fern\u00e1ndez no pareci\u00f3 convalidarles ese t\u00edtulo.<\/p>\n<p>Ma\u00f1ana, en tanto, se realizar\u00e1 al mediod\u00eda el encuentro anual de ACDE bajo el lema \u201cEmprender: Co-crear para reconstruir\u201d y que tendr\u00e1 como orador en el cierre a Alberto Fern\u00e1ndez. Participar\u00e1n H\u00e9ctor Daer y el obispo de Lomas de Zamora y presidente de la Comisi\u00f3n Episcopal de Pastoral Social, monse\u00f1or Jorge Lugones. La CGT tiene en agenda para esta misma semana un encuentro virtual con c\u00e1maras de peque\u00f1os y medianos empresarios, y para el lunes que viene monse\u00f1or Lugones prepara una jornada desde la Pastoral Social con empleadores, sindicalistas y dirigentes de movimientos sociales.<\/p>\n<p>\u201cSin di\u00e1logo va a ser imposible salir. Tenemos que poner todos un poco para salir de la crisis. Necesitamos una mesa de di\u00e1logo constante\u201d, le dijo a este diario Guillermo Moretti, vicepresidente regional de la UIA y part\u00edcipe frecuente de los encuentros con otros sectores. Moretti fue uno de los impulsores en la gesti\u00f3n de Macri del acercamiento entre la UIA y los grupos piqueteros y recuerda un antecedente: \u201cen 2000 la Iglesia nos convoc\u00f3 en Rosario a una mesa de di\u00e1logo y 20 a\u00f1os despu\u00e9s, mantenemos esa relaci\u00f3n. Es fundamental el paraguas de la Iglesia en esta instancia tambi\u00e9n\u201d.<\/p>\n<p>Se trata, en l\u00edneas generales, de sectores que comparten el diagn\u00f3stico de una salida productivista de la crisis con intervencionismo estatal, distante de las opciones libremercadistas de los espacios patronales m\u00e1s afines a Cambiemos.<\/p>\n","protected":false},"excerpt":{"rendered":"<p>Hoy se encontrar\u00e1n el Foro de Emergencia Salarial y la CGT, mientras que ma\u00f1ana ser\u00e1 el turno de gremios y ACDE. Cerrar\u00e1 Alberto Fern\u00e1ndez &nbsp; &nbsp; Una reuni\u00f3n entre el Foro de Convergencia Empresarial y la CGT dar\u00e1 hoy la se\u00f1al de largada para una serie de encuentros multisectoriales que, con mayor o menor involucramiento del Gobierno, buscar\u00e1n darle forma y sistematizar la agenda del eventual acuerdo econ\u00f3mico y social mencionado por Alberto Fern\u00e1ndez en campa\u00f1a y tras su asunci\u00f3n, y que pareci\u00f3 pasar a un segundo plano una vez&#8230;<\/p>\n","protected":false},"author":3,"featured_media":63848,"comment_status":"closed","ping_status":"closed","sticky":false,"template":"","format":"standard","meta":[],"categories":[18],"tags":[],"_links":{"self":[{"href":"https:\/\/www.actualidadadiario.com\/index.php\/wp-json\/wp\/v2\/posts\/63847"}],"collection":[{"href":"https:\/\/www.actualidadadiario.com\/index.php\/wp-json\/wp\/v2\/posts"}],"about":[{"href":"https:\/\/www.actualidadadiario.com\/index.php\/wp-json\/wp\/v2\/types\/post"}],"author":[{"embeddable":true,"href":"https:\/\/www.actualidadadiario.com\/index.php\/wp-json\/wp\/v2\/users\/3"}],"replies":[{"embeddable":true,"href":"https:\/\/www.actualidadadiario.com\/index.php\/wp-json\/wp\/v2\/comments?post=63847"}],"version-history":[{"count":1,"href":"https:\/\/www.actualidadadiario.com\/index.php\/wp-json\/wp\/v2\/posts\/63847\/revisions"}],"predecessor-version":[{"id":63849,"href":"https:\/\/www.actualidadadiario.com\/index.php\/wp-json\/wp\/v2\/posts\/63847\/revisions\/63849"}],"wp:featuredmedia":[{"embeddable":true,"href":"https:\/\/www.actualidadadiario.com\/index.php\/wp-json\/wp\/v2\/media\/63848"}],"wp:attachment":[{"href":"https:\/\/www.actualidadadiario.com\/index.php\/wp-json\/wp\/v2\/media?parent=63847"}],"wp:term":[{"taxonomy":"category","embeddable":true,"href":"https:\/\/www.actualidadadiario.com\/index.php\/wp-json\/wp\/v2\/categories?post=63847"},{"taxonomy":"post_tag","embeddable":true,"href":"https:\/\/www.actualidadadiario.com\/index.php\/wp-json\/wp\/v2\/tags?post=63847"}],"curies":[{"name":"wp","href":"https:\/\/api.w.org\/{rel}","templated":true}]}}