{"id":63838,"date":"2020-07-06T12:38:38","date_gmt":"2020-07-06T15:38:38","guid":{"rendered":"https:\/\/www.actualidadadiario.com\/?p=63838"},"modified":"2020-07-06T12:38:38","modified_gmt":"2020-07-06T15:38:38","slug":"macri-reaparece-publicamente-en-medio-del-escandalo-por-espionaje-bajo-su-gestion","status":"publish","type":"post","link":"https:\/\/www.actualidadadiario.com\/index.php\/2020\/07\/06\/macri-reaparece-publicamente-en-medio-del-escandalo-por-espionaje-bajo-su-gestion\/","title":{"rendered":"Macri reaparece p\u00fablicamente en medio del esc\u00e1ndalo por espionaje bajo su gesti\u00f3n"},"content":{"rendered":"<p style=\"text-align: center;\"><em><strong>El exmandatario compartir\u00e1 una teleconferencia con el periodista \u00c1lvaro Vargas Llosa, hijo del escritor ultraliberal Mario Vargas Llosa<\/strong><\/em><\/p>\n<p>&nbsp;<\/p>\n<p>&nbsp;<\/p>\n<p>El expresidente Mauricio Macri reaperecer\u00e1 en p\u00fablico este mi\u00e9rcoles para participar de una charla virtual sobre Am\u00e9rica Latina, que organiza el portal chileno laotramirada.com. El evento tendr\u00e1 lugar en el marco de la investigaci\u00f3n que se lleva adelante sobre presunto espionaje a dirigentes pol\u00edticos y organizaciones sociales, entre otros, que se realizaron desde la Agencia Federal de Inteligencia (AFI) bajo su gesti\u00f3n.<\/p>\n<p>El exmandatario compartir\u00e1 una teleconferencia con el periodista \u00c1lvaro Vargas Llosa, hijo del escritor ultraliberal Mario Vargas Llosa.<\/p>\n<p>La consigna de la convocatoria es &#8220;La otra mirada de Latinoam\u00e9rica&#8221;. En su p\u00e1gina web, el portal chileno inform\u00f3 que la charla ser\u00e1 el pr\u00f3ximo mi\u00e9rcoles a las 18.30. Este sitio se presenta como &#8220;una plataforma destinada a provocar una reflexi\u00f3n sana, abierta y en libertad&#8221;.<\/p>\n<p>Hasta ahora, el expresidente opt\u00f3 por el silencio ante la investigaci\u00f3n que realiza la Justicia por el presunto espionaje bajo su gobierno. Solamente firm\u00f3, junto a otros dirigentes de Juntos por el Cambio, un comunicado en el que defiende a su ex secretario privado Dar\u00edo Nieto cuando su domicilio fue allanado en el marco de la investigaci\u00f3n.<\/p>\n","protected":false},"excerpt":{"rendered":"<p>El exmandatario compartir\u00e1 una teleconferencia con el periodista \u00c1lvaro Vargas Llosa, hijo del escritor ultraliberal Mario Vargas Llosa &nbsp; &nbsp; El expresidente Mauricio Macri reaperecer\u00e1 en p\u00fablico este mi\u00e9rcoles para participar de una charla virtual sobre Am\u00e9rica Latina, que organiza el portal chileno laotramirada.com. El evento tendr\u00e1 lugar en el marco de la investigaci\u00f3n que se lleva adelante sobre presunto espionaje a dirigentes pol\u00edticos y organizaciones sociales, entre otros, que se realizaron desde la Agencia Federal de Inteligencia (AFI) bajo su gesti\u00f3n. El exmandatario compartir\u00e1 una teleconferencia con el periodista&#8230;<\/p>\n","protected":false},"author":3,"featured_media":63839,"comment_status":"closed","ping_status":"closed","sticky":false,"template":"","format":"standard","meta":[],"categories":[18],"tags":[],"_links":{"self":[{"href":"https:\/\/www.actualidadadiario.com\/index.php\/wp-json\/wp\/v2\/posts\/63838"}],"collection":[{"href":"https:\/\/www.actualidadadiario.com\/index.php\/wp-json\/wp\/v2\/posts"}],"about":[{"href":"https:\/\/www.actualidadadiario.com\/index.php\/wp-json\/wp\/v2\/types\/post"}],"author":[{"embeddable":true,"href":"https:\/\/www.actualidadadiario.com\/index.php\/wp-json\/wp\/v2\/users\/3"}],"replies":[{"embeddable":true,"href":"https:\/\/www.actualidadadiario.com\/index.php\/wp-json\/wp\/v2\/comments?post=63838"}],"version-history":[{"count":1,"href":"https:\/\/www.actualidadadiario.com\/index.php\/wp-json\/wp\/v2\/posts\/63838\/revisions"}],"predecessor-version":[{"id":63840,"href":"https:\/\/www.actualidadadiario.com\/index.php\/wp-json\/wp\/v2\/posts\/63838\/revisions\/63840"}],"wp:featuredmedia":[{"embeddable":true,"href":"https:\/\/www.actualidadadiario.com\/index.php\/wp-json\/wp\/v2\/media\/63839"}],"wp:attachment":[{"href":"https:\/\/www.actualidadadiario.com\/index.php\/wp-json\/wp\/v2\/media?parent=63838"}],"wp:term":[{"taxonomy":"category","embeddable":true,"href":"https:\/\/www.actualidadadiario.com\/index.php\/wp-json\/wp\/v2\/categories?post=63838"},{"taxonomy":"post_tag","embeddable":true,"href":"https:\/\/www.actualidadadiario.com\/index.php\/wp-json\/wp\/v2\/tags?post=63838"}],"curies":[{"name":"wp","href":"https:\/\/api.w.org\/{rel}","templated":true}]}}