{"id":63835,"date":"2020-07-06T12:37:52","date_gmt":"2020-07-06T15:37:52","guid":{"rendered":"https:\/\/www.actualidadadiario.com\/?p=63835"},"modified":"2020-07-06T12:37:52","modified_gmt":"2020-07-06T15:37:52","slug":"oficializan-la-creacion-de-un-programa-de-asistencia-a-familiares-de-victimas-de-femicidio","status":"publish","type":"post","link":"https:\/\/www.actualidadadiario.com\/index.php\/2020\/07\/06\/oficializan-la-creacion-de-un-programa-de-asistencia-a-familiares-de-victimas-de-femicidio\/","title":{"rendered":"Oficializan la creaci\u00f3n de un programa de asistencia a familiares de v\u00edctimas de femicidio"},"content":{"rendered":"<p style=\"text-align: center;\"><em><strong>La medida forma parte del Plan Nacional de Acci\u00f3n Contra las Violencias por Motivos de G\u00e9nero 2020-2022, que presentaron Alberto Fern\u00e1ndez y Elizabeth G\u00f3mez Alcorta el viernes<\/strong><\/em><\/p>\n<p>&nbsp;<\/p>\n<p>&nbsp;<\/p>\n<p>El Gobierno oficializ\u00f3 la creaci\u00f3n del Programa para &#8220;el apoyo urgente y la asistencia integral inmediata a personas del grupo familiar o allegados\/as de v\u00edctimas de femicidio, travesticidio y transfemicidio, a trav\u00e9s de una prestaci\u00f3n econ\u00f3mica, asesoramiento psicol\u00f3gico y\/o legal&#8221;, a trav\u00e9s de una resoluci\u00f3n que public\u00f3 el Bolet\u00edn Oficial.<\/p>\n<p>El viernes, en un acto en Olivos, el presidente Alberto Fern\u00e1ndez hab\u00eda anunciado el dise\u00f1o de ese programa, en el marco del Plan Nacional contra las Violencias por Motivos de G\u00e9nero 2020-2022, junto a la ministra de las Mujeres, G\u00e9nero y Diversidad, Elizabeth G\u00f3mez Alcorta.<\/p>\n<p>La Resoluci\u00f3n 80\/2020, que lleva la firma de la ministra G\u00f3mez Alcorta, establece los &#8220;lineamientos generales, y acciones&#8221; del programa que garantiza el &#8220;acceso gratuito, r\u00e1pido, transparente y eficaz en servicios creados a tal fin, as\u00ed como promover la sanci\u00f3n y reeducaci\u00f3n de quienes ejercen violencia&#8221;.<\/p>\n<p>Esta resoluci\u00f3n fue dictada en el marco de la Ley 26.485 de Protecci\u00f3n Integral para prevenir, sancionar y erradicar la violencia contra las mujeres en los \u00e1mbitos en que desarrollen sus relaciones interpersonales y que tiene entre sus &#8220;preceptos rectores que el Estado deber\u00e1 garantizar la asistencia en forma integral y oportuna de las mujeres que padecen cualquier tipo de violencia&#8221;.<\/p>\n<p>Adem\u00e1s, se recuerda que la Ley 26.743 de Identidad de G\u00e9nero establece el &#8220;derecho de toda persona a ser tratada de acuerdo con su identidad de g\u00e9nero, y al libre desarrollo de su persona conforme a su identidad de g\u00e9nero&#8221;.<\/p>\n<p>El plan nacional de Acci\u00f3n contra las Violencias por Motivos de G\u00e9nero 2020-2022 propone un nuevo abordaje integral e interseccional de esas violencias, que tiene por horizonte, entre otras cuestiones, la ampliaci\u00f3n de pol\u00edticas de reparaci\u00f3n para familiares integrantes del c\u00edrculo de confianza de las v\u00edctimas de femicidios, transfemicidios y travesticidios.<\/p>\n","protected":false},"excerpt":{"rendered":"<p>La medida forma parte del Plan Nacional de Acci\u00f3n Contra las Violencias por Motivos de G\u00e9nero 2020-2022, que presentaron Alberto Fern\u00e1ndez y Elizabeth G\u00f3mez Alcorta el viernes &nbsp; &nbsp; El Gobierno oficializ\u00f3 la creaci\u00f3n del Programa para &#8220;el apoyo urgente y la asistencia integral inmediata a personas del grupo familiar o allegados\/as de v\u00edctimas de femicidio, travesticidio y transfemicidio, a trav\u00e9s de una prestaci\u00f3n econ\u00f3mica, asesoramiento psicol\u00f3gico y\/o legal&#8221;, a trav\u00e9s de una resoluci\u00f3n que public\u00f3 el Bolet\u00edn Oficial. El viernes, en un acto en Olivos, el presidente Alberto Fern\u00e1ndez&#8230;<\/p>\n","protected":false},"author":3,"featured_media":63836,"comment_status":"closed","ping_status":"closed","sticky":false,"template":"","format":"standard","meta":[],"categories":[18],"tags":[],"_links":{"self":[{"href":"https:\/\/www.actualidadadiario.com\/index.php\/wp-json\/wp\/v2\/posts\/63835"}],"collection":[{"href":"https:\/\/www.actualidadadiario.com\/index.php\/wp-json\/wp\/v2\/posts"}],"about":[{"href":"https:\/\/www.actualidadadiario.com\/index.php\/wp-json\/wp\/v2\/types\/post"}],"author":[{"embeddable":true,"href":"https:\/\/www.actualidadadiario.com\/index.php\/wp-json\/wp\/v2\/users\/3"}],"replies":[{"embeddable":true,"href":"https:\/\/www.actualidadadiario.com\/index.php\/wp-json\/wp\/v2\/comments?post=63835"}],"version-history":[{"count":1,"href":"https:\/\/www.actualidadadiario.com\/index.php\/wp-json\/wp\/v2\/posts\/63835\/revisions"}],"predecessor-version":[{"id":63837,"href":"https:\/\/www.actualidadadiario.com\/index.php\/wp-json\/wp\/v2\/posts\/63835\/revisions\/63837"}],"wp:featuredmedia":[{"embeddable":true,"href":"https:\/\/www.actualidadadiario.com\/index.php\/wp-json\/wp\/v2\/media\/63836"}],"wp:attachment":[{"href":"https:\/\/www.actualidadadiario.com\/index.php\/wp-json\/wp\/v2\/media?parent=63835"}],"wp:term":[{"taxonomy":"category","embeddable":true,"href":"https:\/\/www.actualidadadiario.com\/index.php\/wp-json\/wp\/v2\/categories?post=63835"},{"taxonomy":"post_tag","embeddable":true,"href":"https:\/\/www.actualidadadiario.com\/index.php\/wp-json\/wp\/v2\/tags?post=63835"}],"curies":[{"name":"wp","href":"https:\/\/api.w.org\/{rel}","templated":true}]}}