{"id":63830,"date":"2020-07-06T12:36:10","date_gmt":"2020-07-06T15:36:10","guid":{"rendered":"https:\/\/www.actualidadadiario.com\/?p=63830"},"modified":"2020-07-06T12:36:10","modified_gmt":"2020-07-06T15:36:10","slug":"espionaje-m-fiscal-pide-la-indagatoria-de-arribas-y-majdalani","status":"publish","type":"post","link":"https:\/\/www.actualidadadiario.com\/index.php\/2020\/07\/06\/espionaje-m-fiscal-pide-la-indagatoria-de-arribas-y-majdalani\/","title":{"rendered":"Espionaje M: fiscal pide la indagatoria de Arribas y Majdalani"},"content":{"rendered":"<p style=\"text-align: center;\"><em><strong>Lo hizo la fiscal federal de Lomas de Zamora Mar\u00eda Cecilia Incardona. Fueron los m\u00e1ximos responsables de la AFI macrista<\/strong><\/em><\/p>\n<p>&nbsp;<\/p>\n<p>&nbsp;<\/p>\n<p>La fiscal federal de Lomas de Zamora Mar\u00eda Cecilia Incardona pidi\u00f3 hoy que se cite a declaraci\u00f3n indagatoria a los principales responsables de la Agencia Federal de Inteligencia (AFI) durante el gobierno de Mauricio Macri, Gustavo Arribas y Silvia Majdalani, en la causa que investiga presunto espionaje ilegal, seg\u00fan inform\u00f3 Radio 10.<\/p>\n<p>El pedido se hizo ante el juez Juan Pablo Auge, quien deber\u00e1 resolver si lo acepta y convoca a declarar como acusada a la exfuncionaria.<\/p>\n<p>Cabe recordar que la C\u00e1mara Federal de La Plata apart\u00f3 el viernes al juez de Lomas de Zamora Federico Villena de la causa que investiga el presunto espionaje ilegal a dirigentes pol\u00edticos, empresarios y gremiales durante la gesti\u00f3n de Mauricio Macri y esa decisi\u00f3n desat\u00f3 una catarata de pedidos de excarcelaci\u00f3n de parte de los detenidos a los que ese magistrado hab\u00eda apresado en los \u00faltimos d\u00edas.<\/p>\n<p>El tribunal de apelaciones hizo lugar al planteo de abogados defensores de exagentes de la AFI y, de este modo, apart\u00f3 al juez del caso y resolvi\u00f3 que el expediente pase en su totalidad al Juzgado Federal n\u00famero 2 de Lomas de Zamora, a cargo del juez Auge.<\/p>\n<p>El juez de C\u00e1mara platense Agust\u00edn Lemos Arias -a cargo del Tribunal durante le feria extraordinaria- acept\u00f3 las recusaciones planteadas por las defensas de tres de los acusados contra Villena por temor de &#8220;parcialidad &#8221; y le sac\u00f3 el expediente, aunque sin declarar la nulidad de ninguno de los actos procesales que este llev\u00f3 a cabo durante la investigaci\u00f3n.<\/p>\n<p>Los exesp\u00edas Leandro Araque, Facundo Melo y Jorge \u201cTurco\u201d S\u00e1ez sostuvieron que Villena no pod\u00eda estar al frente del expediente porque \u00e9l mismo hab\u00eda ordenado tareas de inteligencia en las inmediaciones del Instituto Patria y hab\u00eda dispuesto que se interviniera el tel\u00e9fono p\u00fablico del Penal de Ezeiza, dos hechos que ahora se investigan en este y otro expediente que est\u00e1 en manos de Auge.<\/p>\n<p>La C\u00e1mara le encomend\u00f3, adem\u00e1s, al nuevo juez de la causa que entre los primeros pasos que d\u00e9 en el expediente se ocupe de definir las situaciones procesales de todos los acusados que ya fueron indagados entre el mi\u00e9rcoles y el jueves por Villena en presencia de los fiscales Cecilia Incardona y Santiago Eyherabide.<\/p>\n<p>Ambos seguir\u00e1n interviniendo en el expediente y su instrucci\u00f3n ya les fue delegada por Auge, como en el caso de la causa en la que se investiga el presunto espionaje ilegal al Instituto Patria y la expresidenta y actual vicepresidenta Cristina Fern\u00e1ndez de Kirchner.<\/p>\n<p>&#8220;Resulta imperioso se\u00f1alar que en la presente causa se investigan hechos de notoria gravedad institucional, que ameritan que sean investigados profundamente con la intervenci\u00f3n de un juez sobre quien no recaiga ninguna duda sobre su imparcialidad, y que se encuentre en una clara posici\u00f3n de objetividad para valorar la prueba recolectada y decidir la situaci\u00f3n procesal de las personas imputadas&#8221;, destac\u00f3 el juez Lemos Arias en su resoluci\u00f3n.<\/p>\n<p>Las recusaciones hab\u00edan sido planteadas por las defensas de los ex esp\u00edas Melo, Araque y S\u00e1ez, exagentes de la AFI, quienes consideraron que el magistrado &#8220;ha evidenciado una notable falta de objetividad y buena fue procesal&#8221;.<\/p>\n<p>Inmediatamente despu\u00e9s de conocida la noticia de la recusaci\u00f3n de Villena, los imputados detenidos en los \u00faltimos d\u00edas comenzaron a reclamar sus excarcelaciones al nuevo juez de la causa que, antes de decidir deber\u00e1 correr vista a los fiscales.<\/p>\n<p>Entre los primeros en reclamar su libertad estuvieron Melo y S\u00e1ez y r\u00e1pidamente se les sum\u00f3 la excoordinadora de Documentaci\u00f3n Presidencial durante el gobierno de Mauricio Macri, Susana Martinengo, quien ya ten\u00eda el visto bueno de la fiscal\u00eda para cumplir prisi\u00f3n domiciliaria y fue indagada anoche entre las 22 de ayer y las 2 de la madrugada de hoy.<\/p>\n<p>Martinengo comenz\u00f3 su indagatoria destacando que ella es una mujer grande, que tuvo una posibilidad laboral de sumarse a un espacio pol\u00edtico y que no cometi\u00f3 los il\u00edcitos de los que se la acusa.<\/p>\n<p>La exfuncionaria asegur\u00f3 que &#8220;nunca&#8221; recibi\u00f3 informes de inteligencia, aunque confirm\u00f3 que mantuvo reuniones con los exagentes de la AFI ahora detenidos, pero que fueron de \u00edndole personal para hablar de temas relativos a su carrera pol\u00edtica y que con dos de ellos ten\u00eda un largo v\u00ednculo de confianza.<\/p>\n","protected":false},"excerpt":{"rendered":"<p>Lo hizo la fiscal federal de Lomas de Zamora Mar\u00eda Cecilia Incardona. Fueron los m\u00e1ximos responsables de la AFI macrista &nbsp; &nbsp; La fiscal federal de Lomas de Zamora Mar\u00eda Cecilia Incardona pidi\u00f3 hoy que se cite a declaraci\u00f3n indagatoria a los principales responsables de la Agencia Federal de Inteligencia (AFI) durante el gobierno de Mauricio Macri, Gustavo Arribas y Silvia Majdalani, en la causa que investiga presunto espionaje ilegal, seg\u00fan inform\u00f3 Radio 10. El pedido se hizo ante el juez Juan Pablo Auge, quien deber\u00e1 resolver si lo acepta&#8230;<\/p>\n","protected":false},"author":3,"featured_media":42988,"comment_status":"closed","ping_status":"closed","sticky":false,"template":"","format":"standard","meta":[],"categories":[9],"tags":[],"_links":{"self":[{"href":"https:\/\/www.actualidadadiario.com\/index.php\/wp-json\/wp\/v2\/posts\/63830"}],"collection":[{"href":"https:\/\/www.actualidadadiario.com\/index.php\/wp-json\/wp\/v2\/posts"}],"about":[{"href":"https:\/\/www.actualidadadiario.com\/index.php\/wp-json\/wp\/v2\/types\/post"}],"author":[{"embeddable":true,"href":"https:\/\/www.actualidadadiario.com\/index.php\/wp-json\/wp\/v2\/users\/3"}],"replies":[{"embeddable":true,"href":"https:\/\/www.actualidadadiario.com\/index.php\/wp-json\/wp\/v2\/comments?post=63830"}],"version-history":[{"count":1,"href":"https:\/\/www.actualidadadiario.com\/index.php\/wp-json\/wp\/v2\/posts\/63830\/revisions"}],"predecessor-version":[{"id":63831,"href":"https:\/\/www.actualidadadiario.com\/index.php\/wp-json\/wp\/v2\/posts\/63830\/revisions\/63831"}],"wp:featuredmedia":[{"embeddable":true,"href":"https:\/\/www.actualidadadiario.com\/index.php\/wp-json\/wp\/v2\/media\/42988"}],"wp:attachment":[{"href":"https:\/\/www.actualidadadiario.com\/index.php\/wp-json\/wp\/v2\/media?parent=63830"}],"wp:term":[{"taxonomy":"category","embeddable":true,"href":"https:\/\/www.actualidadadiario.com\/index.php\/wp-json\/wp\/v2\/categories?post=63830"},{"taxonomy":"post_tag","embeddable":true,"href":"https:\/\/www.actualidadadiario.com\/index.php\/wp-json\/wp\/v2\/tags?post=63830"}],"curies":[{"name":"wp","href":"https:\/\/api.w.org\/{rel}","templated":true}]}}