{"id":63828,"date":"2020-07-06T12:35:26","date_gmt":"2020-07-06T15:35:26","guid":{"rendered":"https:\/\/www.actualidadadiario.com\/?p=63828"},"modified":"2020-07-06T12:35:26","modified_gmt":"2020-07-06T15:35:26","slug":"la-contundente-respuesta-de-alberto-fernandez-ante-el-planteo-de-distanciamiento-con-cristina-kirchner","status":"publish","type":"post","link":"https:\/\/www.actualidadadiario.com\/index.php\/2020\/07\/06\/la-contundente-respuesta-de-alberto-fernandez-ante-el-planteo-de-distanciamiento-con-cristina-kirchner\/","title":{"rendered":"La contundente respuesta de Alberto Fern\u00e1ndez ante el planteo de distanciamiento con Cristina Kirchner"},"content":{"rendered":"<p style=\"text-align: center;\"><em><strong>Varias cuestiones atraviesan actualmente a la pol\u00edtica. La pandemia del coronavirus, la causa por el espionaje ilegal durante la gesti\u00f3n de Mauricio Macri y el crimen de Fabi\u00e1n Guti\u00e9rrez, ex secretario de Cristina Fern\u00e1ndez de Kirchner son algunas de ellas. Las repercusiones aumentan entre el oficialismo, la oposici\u00f3n y los medios de comunicaci\u00f3n. En este escenario, el presidente Alberto Fern\u00e1ndez se expres\u00f3 en su cuenta de Twitter<\/strong><\/em><\/p>\n<p>&nbsp;<\/p>\n<p>\u201cNo suelo desmentir a la prensa\u201d, encabez\u00f3 el jefe de Estado y contin\u00fao: \u201cPero esta nota narra hechos que jam\u00e1s sucedieron\u201d. La publicaci\u00f3n est\u00e1 acompa\u00f1ada por un art\u00edculo de Infobae firmado por la periodista Nancy Pazos. \u201cNos unimos para construir una Argentina m\u00e1s justa, sin personalismos ni \u2018poderes bifrontes\u2019\u201d, manifest\u00f3 y se\u00f1al\u00f3 que todos los ciudadanos son necesarios y tienen un rol. \u201cQue no nos dividan con mentiras\u201d, subray\u00f3.<\/p>\n<p>La publicaci\u00f3n del presidente de la Naci\u00f3n apunta a un art\u00edculo de opini\u00f3n. \u201cAlberto, el poder no es bifronte, te la ten\u00e9s que sacar de encima ya\u2026\u201d, es el t\u00edtulo de la nota. El texto se\u00f1ala que este \u201creclamo-advertencia-amenaza\u201d surgi\u00f3 en la reuni\u00f3n del mandatario y Eduardo Duhalde. El encuentro fue este mi\u00e9rcoles en la residencia de Olivos con el objetivo de analizar la reactivaci\u00f3n desde la producci\u00f3n frente a la pandemia.<\/p>\n<p>La m\u00e1xima autoridad tambi\u00e9n replic\u00f3 en su cuenta de la red social la opini\u00f3n de Dante L\u00f3pez Foresi. El periodista se refiri\u00f3 a la relaci\u00f3n de Alberto Fern\u00e1ndez con la prensa. \u201cHasta hoy dialog\u00f3 con todos los medios, sobre todo opositores, se mostr\u00f3 junto con el principal gobernante de oposici\u00f3n y tuvo un discurso conciliador y de unidad\u201d, explica la publicaci\u00f3n en referencia a las ideolog\u00edas.<\/p>\n<p>Seguidamente, mencion\u00f3 las insinuaciones para con el Gobierno nacional sobre el crimen de Fabi\u00e1n Guti\u00e9rrez. \u201c\u00bfQui\u00e9n quiere la grieta?\u201d, destac\u00f3 y coment\u00f3 que las diferencias pol\u00edticas son \u201cinevitables\u201d y \u201cnecesarias\u201d en defensa a los intereses del \u201cpueblo\u201d. \u201cMe gusta y me hace bien estar separado de esa escoria por una grieta lo m\u00e1s amplia posible\u201d, dispar\u00f3 sobre la oposici\u00f3n al finalizar su descargo.<\/p>\n","protected":false},"excerpt":{"rendered":"<p>Varias cuestiones atraviesan actualmente a la pol\u00edtica. La pandemia del coronavirus, la causa por el espionaje ilegal durante la gesti\u00f3n de Mauricio Macri y el crimen de Fabi\u00e1n Guti\u00e9rrez, ex secretario de Cristina Fern\u00e1ndez de Kirchner son algunas de ellas. Las repercusiones aumentan entre el oficialismo, la oposici\u00f3n y los medios de comunicaci\u00f3n. En este escenario, el presidente Alberto Fern\u00e1ndez se expres\u00f3 en su cuenta de Twitter &nbsp; \u201cNo suelo desmentir a la prensa\u201d, encabez\u00f3 el jefe de Estado y contin\u00fao: \u201cPero esta nota narra hechos que jam\u00e1s sucedieron\u201d. La&#8230;<\/p>\n","protected":false},"author":3,"featured_media":58729,"comment_status":"closed","ping_status":"closed","sticky":false,"template":"","format":"standard","meta":[],"categories":[9],"tags":[],"_links":{"self":[{"href":"https:\/\/www.actualidadadiario.com\/index.php\/wp-json\/wp\/v2\/posts\/63828"}],"collection":[{"href":"https:\/\/www.actualidadadiario.com\/index.php\/wp-json\/wp\/v2\/posts"}],"about":[{"href":"https:\/\/www.actualidadadiario.com\/index.php\/wp-json\/wp\/v2\/types\/post"}],"author":[{"embeddable":true,"href":"https:\/\/www.actualidadadiario.com\/index.php\/wp-json\/wp\/v2\/users\/3"}],"replies":[{"embeddable":true,"href":"https:\/\/www.actualidadadiario.com\/index.php\/wp-json\/wp\/v2\/comments?post=63828"}],"version-history":[{"count":1,"href":"https:\/\/www.actualidadadiario.com\/index.php\/wp-json\/wp\/v2\/posts\/63828\/revisions"}],"predecessor-version":[{"id":63829,"href":"https:\/\/www.actualidadadiario.com\/index.php\/wp-json\/wp\/v2\/posts\/63828\/revisions\/63829"}],"wp:featuredmedia":[{"embeddable":true,"href":"https:\/\/www.actualidadadiario.com\/index.php\/wp-json\/wp\/v2\/media\/58729"}],"wp:attachment":[{"href":"https:\/\/www.actualidadadiario.com\/index.php\/wp-json\/wp\/v2\/media?parent=63828"}],"wp:term":[{"taxonomy":"category","embeddable":true,"href":"https:\/\/www.actualidadadiario.com\/index.php\/wp-json\/wp\/v2\/categories?post=63828"},{"taxonomy":"post_tag","embeddable":true,"href":"https:\/\/www.actualidadadiario.com\/index.php\/wp-json\/wp\/v2\/tags?post=63828"}],"curies":[{"name":"wp","href":"https:\/\/api.w.org\/{rel}","templated":true}]}}