{"id":63826,"date":"2020-07-06T12:34:28","date_gmt":"2020-07-06T15:34:28","guid":{"rendered":"https:\/\/www.actualidadadiario.com\/?p=63826"},"modified":"2020-07-06T12:34:28","modified_gmt":"2020-07-06T15:34:28","slug":"anses-extiende-una-suspension-del-pago-de-los-creditos-para-jubilados","status":"publish","type":"post","link":"https:\/\/www.actualidadadiario.com\/index.php\/2020\/07\/06\/anses-extiende-una-suspension-del-pago-de-los-creditos-para-jubilados\/","title":{"rendered":"ANSeS extiende una suspensi\u00f3n del pago de los cr\u00e9ditos para jubilados"},"content":{"rendered":"<p style=\"text-align: center;\"><em><strong>La decisi\u00f3n se formaliz\u00f3 por medio de una resoluci\u00f3n de la ANSeS, publicada este lunes en el Bolet\u00edn Oficial<\/strong><\/em><\/p>\n<p>&nbsp;<\/p>\n<p>&nbsp;<\/p>\n<p>El Gobierno suspendi\u00f3 hoy el pago de las cuotas de julio y agosto del Programa &#8220;Cr\u00e9ditos ANSeS&#8221;, en el marco de la emergencia sanitaria.<\/p>\n<p>La medida incluye a jubilados, pensionados y titulares de beneficios sociales, como la Asignaci\u00f3n Universal por Hijo (AUH), que hayan tomado estos cr\u00e9ditos.<\/p>\n<p>&#8220;Apru\u00e9bese la suspensi\u00f3n del pago de las cuotas para los cr\u00e9ditos vigentes por julio y agosto de 2020 del Programa Cr\u00e9ditos ANSeS , per\u00edodo durante el cual los beneficiarios alcanzados por esta medida no podr\u00e1n solicitar el otorgamiento de nuevos cr\u00e9ditos, debi\u00e9ndose adoptar los recaudos operativos necesarios para su implementaci\u00f3n&#8221;, seg\u00fan el texto oficial.<\/p>\n<p>Adem\u00e1s, se estableci\u00f3 que para los cr\u00e9ditos otorgados a titulares de la AUH y Asignaciones Familiares, la suspensi\u00f3n de cuotas &#8220;depender\u00e1 que el menor por el cual se percibe la prestaci\u00f3n no alcance durante ese lapso, la edad de 18 a\u00f1os, salvo discapacidad del menor, teniendo en cuenta que el cobro del beneficio se establece hasta la mayor\u00eda de edad, en cuyo supuesto no se aplicar\u00e1 dicha medida, a\u00fan si se ha otorgado con la inclusi\u00f3n de otros hijos menores de edad&#8221;.<\/p>\n","protected":false},"excerpt":{"rendered":"<p>La decisi\u00f3n se formaliz\u00f3 por medio de una resoluci\u00f3n de la ANSeS, publicada este lunes en el Bolet\u00edn Oficial &nbsp; &nbsp; El Gobierno suspendi\u00f3 hoy el pago de las cuotas de julio y agosto del Programa &#8220;Cr\u00e9ditos ANSeS&#8221;, en el marco de la emergencia sanitaria. La medida incluye a jubilados, pensionados y titulares de beneficios sociales, como la Asignaci\u00f3n Universal por Hijo (AUH), que hayan tomado estos cr\u00e9ditos. &#8220;Apru\u00e9bese la suspensi\u00f3n del pago de las cuotas para los cr\u00e9ditos vigentes por julio y agosto de 2020 del Programa Cr\u00e9ditos ANSeS&#8230;<\/p>\n","protected":false},"author":3,"featured_media":20962,"comment_status":"closed","ping_status":"closed","sticky":false,"template":"","format":"standard","meta":[],"categories":[2],"tags":[],"_links":{"self":[{"href":"https:\/\/www.actualidadadiario.com\/index.php\/wp-json\/wp\/v2\/posts\/63826"}],"collection":[{"href":"https:\/\/www.actualidadadiario.com\/index.php\/wp-json\/wp\/v2\/posts"}],"about":[{"href":"https:\/\/www.actualidadadiario.com\/index.php\/wp-json\/wp\/v2\/types\/post"}],"author":[{"embeddable":true,"href":"https:\/\/www.actualidadadiario.com\/index.php\/wp-json\/wp\/v2\/users\/3"}],"replies":[{"embeddable":true,"href":"https:\/\/www.actualidadadiario.com\/index.php\/wp-json\/wp\/v2\/comments?post=63826"}],"version-history":[{"count":1,"href":"https:\/\/www.actualidadadiario.com\/index.php\/wp-json\/wp\/v2\/posts\/63826\/revisions"}],"predecessor-version":[{"id":63827,"href":"https:\/\/www.actualidadadiario.com\/index.php\/wp-json\/wp\/v2\/posts\/63826\/revisions\/63827"}],"wp:featuredmedia":[{"embeddable":true,"href":"https:\/\/www.actualidadadiario.com\/index.php\/wp-json\/wp\/v2\/media\/20962"}],"wp:attachment":[{"href":"https:\/\/www.actualidadadiario.com\/index.php\/wp-json\/wp\/v2\/media?parent=63826"}],"wp:term":[{"taxonomy":"category","embeddable":true,"href":"https:\/\/www.actualidadadiario.com\/index.php\/wp-json\/wp\/v2\/categories?post=63826"},{"taxonomy":"post_tag","embeddable":true,"href":"https:\/\/www.actualidadadiario.com\/index.php\/wp-json\/wp\/v2\/tags?post=63826"}],"curies":[{"name":"wp","href":"https:\/\/api.w.org\/{rel}","templated":true}]}}