{"id":63823,"date":"2020-07-06T12:33:31","date_gmt":"2020-07-06T15:33:31","guid":{"rendered":"https:\/\/www.actualidadadiario.com\/?p=63823"},"modified":"2020-07-06T12:33:31","modified_gmt":"2020-07-06T15:33:31","slug":"ascienden-a-1-507-los-fallecidos-y-a-77-815-los-contagiados-desde-el-inicio-de-la-pandemia","status":"publish","type":"post","link":"https:\/\/www.actualidadadiario.com\/index.php\/2020\/07\/06\/ascienden-a-1-507-los-fallecidos-y-a-77-815-los-contagiados-desde-el-inicio-de-la-pandemia\/","title":{"rendered":"Ascienden a 1.507 los fallecidos y a 77.815 los contagiados desde el inicio de la pandemia"},"content":{"rendered":"<p style=\"text-align: center;\"><em><strong>Veintis\u00e9is personas murieron y 2.439 fueron diagnosticadas con coronavirus en las \u00faltimas 24 horas en el pa\u00eds, inform\u00f3 este domingo por la noche el Ministerio de Salud<\/strong><\/em><\/p>\n<p>&nbsp;<\/p>\n<p>Veintis\u00e9is personas murieron y 2.439 fueron diagnosticadas con coronavirus en las \u00faltimas 24 horas en la Argentina, con lo que son 1.507 los fallecidos y 77.815 los contagiados desde el inicio de la pandemia, inform\u00f3 hoy el Ministerio de Salud.<\/p>\n<p>La cartera sanitaria agreg\u00f3 que son 658 los internados en unidades de terapia intensiva, con un porcentaje de ocupaci\u00f3n de camas de adultos de 51,4% en el pa\u00eds y del 57,7% en la \u00c1rea Metropolitana Buenos Aires (AMBA).<\/p>\n<p>Un 95,57% (2.331 personas) de los infectados de hoy (2.439) corresponden a la Ciudad de Buenos Aires y a la provincia de Buenos Aires.<\/p>\n<p>Seg\u00fan el reporte vespertino, hubo 17 muertes: 10 hombres, 4 residentes en la provincia de Buenos Aires de 82, 78, 79 y 65 a\u00f1os; 5 residentes en la Ciudad de Buenos Aires de 60, 84, 61, 71 y 82; uno de 73 en la provincia de Neuqu\u00e9n; y 7 mujeres, 2 residentes en la provincia de Buenos Aires de 70 y 78 a\u00f1os; 4 en la Ciudad de Buenos Aires de 89, 91, 69 y 82 y una tambi\u00e9n de 82 en la provincia de R\u00edo Negro.<\/p>\n<p>El parte matutino precis\u00f3 que murieron 9 personas, 6 hombres, 4 residentes en la provincia de Buenos Aires de 69, 77, 81 y uno sin dato de edad; tres en la provincia de Buenos Aires de 69, 77 y 81 a\u00f1os; uno de 87 en la Ciudad de Buenos Aires; uno de 70 en la provincia de Neuqu\u00e9n; y 3 mujeres, 2 residentes en la provincia de Buenos Aires de 80 y 88 a\u00f1os; y una de 67 en la provincia de Neuqu\u00e9n.<\/p>\n<p>Del total de infectados, 1.072 (1,4%) son importados, 27.239 (35%) son contactos estrechos de casos confirmados, 36.235 (46,6%) casos de circulaci\u00f3n comunitaria y el resto se encuentra en investigaci\u00f3n epidemiol\u00f3gica.<\/p>\n<p>En la provincia de Buenos Aires hubo 1.564 casos; en la Ciudad de Buenos Aires, 767; en Chaco, 47; en Chubut, 6; en C\u00f3rdoba, 14; en Corrientes, 1; Entre R\u00edos, 6; en Jujuy, 1; en La Rioja 6; Mendoza, 7; en Neuqu\u00e9n, 9; en R\u00edo Negro, 3; en Salta, 2; en Santa Fe, 3; y en Tucum\u00e1n, 3.<\/p>\n<p>En tanto, no se notificaron infectados en Catamarca, Formosa, La Pampa, Misiones, San Juan, San Luis, Santa Cruz, Santiago del Estero y Tierra del Fuego.<\/p>\n<p>Seg\u00fan el total de acumulados por jurisdicci\u00f3n, la provincia de Buenos Aires suma 39.974 casos; la Ciudad de Buenos Aires, 31.285; Catamarca, 6; Chaco, 2.309; Chubut, 154; C\u00f3rdoba, 702; Corrientes, 119; Entre R\u00edos, 329; Formosa, 75; Jujuy, 163 y La Pampa, 7.<\/p>\n<p>La Rioja alcanza 102 casos; Mendoza, 195; Misiones, 40; Neuqu\u00e9n, 560; R\u00edo Negro, 965; Salta, 59; San Juan, 8; San Luis, 12; Santa Cruz, 51; Santa Fe, 437; Santiago del Estero, 25; Tierra del Fuego, 153 y Tucum\u00e1n, 85.<\/p>\n<p>Adem\u00e1s, se incluyen, en Tierra del Fuego, 13 casos en las Islas Malvinas, seg\u00fan informaci\u00f3n de prensa debido a que por la ocupaci\u00f3n ilegal del Reino Unido, Gran Breta\u00f1a e Irlanda del Norte no es posible contar con informaci\u00f3n propia sobre el impacto de la Covid-19 en esa parte del territorio argentino.<\/p>\n<p>En tanto, el presidente Alberto Fern\u00e1ndez opin\u00f3 hoy que &#8220;las primeras conclusiones son muy buenas&#8221; en cuanto a la disminuci\u00f3n de la circulaci\u00f3n en el AMBA, a partir del inicio de la \u00faltima fase estricta de aislamiento social obligatorio vigente desde marzo pasado por la pandemia.<\/p>\n<p>&#8220;Vamos a ver c\u00f3mo ser\u00e1n los resultados que vamos a empezar a conocer reci\u00e9n a mediados de esta semana&#8221;, dijo Fern\u00e1ndez a radio Milenium, ante una consulta sobre si podr\u00eda habilitarse la apertura de algunas actividades cuando concluya esta fase estricta.<\/p>\n<p>&#8220;Todos queremos flexibilizar, pero no queremos flexibilizar poniendo en riesgo la salud&#8221;, expres\u00f3 el jefe de Estado.<\/p>\n<p>Sin embargo, reconoci\u00f3 que &#8220;son muy buenas las primeras conclusiones&#8221; en el AMBA, donde se busc\u00f3 poner un freno a la circulaci\u00f3n comunitaria del virus y al crecimiento exponencial de contagios.<\/p>\n<p>En cuanto al resultado de las restricciones, el Ministerio de Transporte inform\u00f3 hoy que los tres \u00faltimos d\u00edas h\u00e1biles de la semana registraron la menor circulaci\u00f3n de pasajeros en el transporte p\u00fablico desde la primera quincena de abril.<\/p>\n<p>Por su parte, la titular del Consejo de Coordinaci\u00f3n de Pol\u00edticas Sociales (CNPS), Victoria Tolosa Paz, consider\u00f3 que los ejes para el desarrollo sostenible de la Argentina tras la pandemia del coronavirus son el acuerdo por la deuda externa, apuntalar la matriz productiva de alimentos para producir m\u00e1s y mejor, la promoci\u00f3n del consumo interno con inyecci\u00f3n de recursos a los sectores m\u00e1s vulnerables y la recuperaci\u00f3n de los salarios.<\/p>\n<p>&#8220;Eso es ni m\u00e1s ni menos como lo dijo nuestro Presidente (Alberto Fern\u00e1ndez), lograr primero un acuerdo con nuestros acreedores privados, un paso que es important\u00edsimo para nosotros, y luego tratar de recuperar nuestra capacidad productiva, porque ac\u00e1 hubo 12 a\u00f1os de un proyecto pol\u00edtico y hubo cuatro de interrupci\u00f3n que nos dejaron muy mal&#8221;, se\u00f1al\u00f3 Tolosa Paz a T\u00e9lam.<\/p>\n<p>En tanto, el director del Observatorio de la Deuda Social de la UCA, Agust\u00edn Salvia, consider\u00f3 hoy que la asistencia monetaria del gobierno a los sectores vulnerables constituye un &#8220;piso de protecci\u00f3n social muy importante&#8221;, pero juzg\u00f3 fundamental &#8220;generar empleo&#8221; y &#8220;mejorar los sueldos&#8221; para reactivar el mercado interno, luego de la pandemia de coronavirus.<\/p>\n<p>Salvia expres\u00f3 a Radio 10 que la Argentina est\u00e1 atravesando una &#8220;crisis profunda&#8221;, a partir de la irrupci\u00f3n de la Covid-19 y la disposici\u00f3n del aislamiento obligatorio, una situaci\u00f3n que -dijo- &#8220;golpe\u00f3 en forma importante a sectores informales y pobres&#8221;.<\/p>\n<p>En el plano global, hoy se registraron m\u00e1s de 192.000 nuevos casos de coronavirus y elev\u00f3 el total a m\u00e1s de 11 millones, con 530.000 fallecidos, mientras crec\u00eda la preocupaci\u00f3n por rebrotes en Jap\u00f3n y Espa\u00f1a y los contagios se manten\u00edan en crecimiento en Estados Unidos y Am\u00e9rica latina.<\/p>\n<p>Varios pa\u00edses de Europa continuaron este fin de semana con medidas de reapertura de diversas actividades, pero en Espa\u00f1a los gobiernos de las regiones Galicia y Castilla-La Mancha aislaron a los habitantes de la comarca de A Mari\u00f1a, en Lugo, y los de un edificio en Albacete, respectivamente, luego de haberse registrado rebrotes.<\/p>\n<p>Inglaterra tambi\u00e9n implement\u00f3 a partir de este fin de semana una arriesgada apertura de bares, pubs, restaurantes y cines, pero las autoridades miraban hoy con preocupaci\u00f3n el hecho de que en los pubs -tan afectos a la cultura brit\u00e1nica- se concentraron aglomeraciones de personas sin barbijos ni distancia social que pretend\u00edan ingresar.<\/p>\n<p>Estados Unidos segu\u00eda como el m\u00e1s afectado por la pandemia y contabilizaba 45.300 positivos en las \u00faltimas horas, hasta un total de 2,83 millones de casos y 129.676 muertos.<\/p>\n<p>Brasil, segundo en esa lista, sumaba 1,57 millones de personas contagiadas y 64.265 fallecidas.<\/p>\n<p>Rusia segu\u00eda en la tercera posici\u00f3n global, con 673.564 positivos y 10.011 muertos, mientras India, la naci\u00f3n m\u00e1s poblada del mundo, con m\u00e1s de 1.400 millones de habitantes, super\u00f3 un nuevo r\u00e9cord de casos diarios con casi 25.000, con los que llega a un total de 673.165 personas contagiadas y 19.268 decesos por la Covid-19.<\/p>\n<p>El Gobierno peruano confirm\u00f3 299.080 personas con coronavirus y 10.412 decesos, mientras las autoridades chilenas contabilizan 295.532 contagios y 6.308 fallecidos.<\/p>\n<p>M\u00e9xico super\u00f3 a Espa\u00f1a en las \u00faltimas horas en casos y fallecimientos: 252.165 contagios y 30.366 decesos frente a los 250.545 contagios y 28.385 muertes declarados por las autoridades espa\u00f1olas.<\/p>\n","protected":false},"excerpt":{"rendered":"<p>Veintis\u00e9is personas murieron y 2.439 fueron diagnosticadas con coronavirus en las \u00faltimas 24 horas en el pa\u00eds, inform\u00f3 este domingo por la noche el Ministerio de Salud &nbsp; Veintis\u00e9is personas murieron y 2.439 fueron diagnosticadas con coronavirus en las \u00faltimas 24 horas en la Argentina, con lo que son 1.507 los fallecidos y 77.815 los contagiados desde el inicio de la pandemia, inform\u00f3 hoy el Ministerio de Salud. La cartera sanitaria agreg\u00f3 que son 658 los internados en unidades de terapia intensiva, con un porcentaje de ocupaci\u00f3n de camas de&#8230;<\/p>\n","protected":false},"author":3,"featured_media":63824,"comment_status":"closed","ping_status":"closed","sticky":false,"template":"","format":"standard","meta":[],"categories":[2],"tags":[],"_links":{"self":[{"href":"https:\/\/www.actualidadadiario.com\/index.php\/wp-json\/wp\/v2\/posts\/63823"}],"collection":[{"href":"https:\/\/www.actualidadadiario.com\/index.php\/wp-json\/wp\/v2\/posts"}],"about":[{"href":"https:\/\/www.actualidadadiario.com\/index.php\/wp-json\/wp\/v2\/types\/post"}],"author":[{"embeddable":true,"href":"https:\/\/www.actualidadadiario.com\/index.php\/wp-json\/wp\/v2\/users\/3"}],"replies":[{"embeddable":true,"href":"https:\/\/www.actualidadadiario.com\/index.php\/wp-json\/wp\/v2\/comments?post=63823"}],"version-history":[{"count":1,"href":"https:\/\/www.actualidadadiario.com\/index.php\/wp-json\/wp\/v2\/posts\/63823\/revisions"}],"predecessor-version":[{"id":63825,"href":"https:\/\/www.actualidadadiario.com\/index.php\/wp-json\/wp\/v2\/posts\/63823\/revisions\/63825"}],"wp:featuredmedia":[{"embeddable":true,"href":"https:\/\/www.actualidadadiario.com\/index.php\/wp-json\/wp\/v2\/media\/63824"}],"wp:attachment":[{"href":"https:\/\/www.actualidadadiario.com\/index.php\/wp-json\/wp\/v2\/media?parent=63823"}],"wp:term":[{"taxonomy":"category","embeddable":true,"href":"https:\/\/www.actualidadadiario.com\/index.php\/wp-json\/wp\/v2\/categories?post=63823"},{"taxonomy":"post_tag","embeddable":true,"href":"https:\/\/www.actualidadadiario.com\/index.php\/wp-json\/wp\/v2\/tags?post=63823"}],"curies":[{"name":"wp","href":"https:\/\/api.w.org\/{rel}","templated":true}]}}