{"id":63816,"date":"2020-07-06T12:30:37","date_gmt":"2020-07-06T15:30:37","guid":{"rendered":"https:\/\/www.actualidadadiario.com\/?p=63816"},"modified":"2020-07-06T12:30:37","modified_gmt":"2020-07-06T15:30:37","slug":"repatriados-y-circulacion-cortan-racha-de-inmunidad-en-provincias","status":"publish","type":"post","link":"https:\/\/www.actualidadadiario.com\/index.php\/2020\/07\/06\/repatriados-y-circulacion-cortan-racha-de-inmunidad-en-provincias\/","title":{"rendered":"Repatriados y circulaci\u00f3n cortan racha de inmunidad en provincias"},"content":{"rendered":"<p style=\"text-align: center;\"><em><strong>El control de la pandemia en las provincias tuvo reveses significativos en los \u00faltimos d\u00edas, donde el hecho m\u00e1s resonante es la aparici\u00f3n del primer caso de coronavirus en Catamarca, a los que se sucedieron cinco m\u00e1s. Pero tambi\u00e9n hubo retrocesos en San Luis, que volvi\u00f3 a Fase 1 del aislamiento, as\u00ed como en Salta, Santa Cruz y Tierra del Fuego<\/strong><\/em><\/p>\n<p>&nbsp;<\/p>\n<p>El foco de acci\u00f3n de los gobernadores tiene varios frentes, pero la mayor novedad es la vigilancia de la circulaci\u00f3n entre provincias, ya no s\u00f3lo por los casos que involucran a camioneros, sino tambi\u00e9n por el transporte de mercanc\u00edas en distancias m\u00e1s cortas o el traslado de trabajadores que prestan servicios en diferentes distritos. Asimismo, la repatriaci\u00f3n a las provincias de las personas que han quedado varadas, principalmente en el exterior o en el \u00c1rea Metropolitana de Buenos Aires, asoma como uno de los puntos donde los mandatarios concentran su atenci\u00f3n.<\/p>\n<p>&nbsp;<\/p>\n<p><strong>Fase 1<\/strong><\/p>\n<p>El largo invicto de 105 d\u00edas de Catamarca en la crisis sanitaria del Covid (de la econ\u00f3mica no se salva nadie) se termin\u00f3 el viernes y a hoy ya son seis los contagios. El gobernador Ra\u00fal Jalil sol\u00eda agradecer a la Virgen del Valle por la excepcionalidad. Sin embargo, el caballo de Troya del virus termin\u00f3 siendo un camionero que arrib\u00f3 a la provincia desde Buenos Aires, tal como tem\u00eda el mandatario. Con precauciones, el chofer fue aislado, pero el distrito volvi\u00f3 a la Fase 1 de la cuarentena a la espera de los resultados de los test del Covid a m\u00e1s de cincuenta personas, que podr\u00edan disparar la curva. La Fase 1, pensada por tres d\u00edas desde el s\u00e1bado, podr\u00eda extenderse, seg\u00fan dijo ayer Jalil al medio local El Ancasti.<\/p>\n<p>Tambi\u00e9n San Luis volvi\u00f3 a Fase 1 en todo el territorio provincial a ra\u00edz de un contagio que cort\u00f3 88 d\u00edas sin casos. La decisi\u00f3n del gobierno de Alberto Rodr\u00edguez Sa\u00e1 se debi\u00f3 a las dificultades para localizar las restricciones por la movilidad del contagiado, que estuvo en varios puntos de la provincia, y probablemente tambi\u00e9n en San Juan y C\u00f3rdoba, como parte de su trabajo como productor y distribuidor de quesos.<\/p>\n<p>Seg\u00fan pudo establecerse, el tambero de 35 a\u00f1os recorri\u00f3 las localidades de San Luis, Villa Mercedes, Quines, San Mart\u00edn, Merlo, Cortaderas, Papagayos, Villa Larca y Santa Rosa del Conlara, pero tambi\u00e9n estuvo en San Juan por 4 horas, cruzando el l\u00edmite de manera irregular. \u201cLa trazabilidad no es confiable y el paciente no colabora\u201d, dijo el gobernador.<\/p>\n<p>Santa Cruz, en tanto, tambi\u00e9n fren\u00f3 racha de m\u00e1s de un mes sin casos. El virus lleg\u00f3 desde CABA a trav\u00e9s de t\u00e9cnicos de la empresa Movistar que llegaron al distrito gobernado por Alicia Kirchner para reparar una antena. El positivo de los empleados dispar\u00f3 una serie de acciones en el lugar de trabajo pero tambi\u00e9n en todos los sitios por los que circularon en la provincia, incluido un supermercado La An\u00f3nima. La gesti\u00f3n de Kirchner afirm\u00f3 que denunciar\u00e1 a Movistar por los hechos.<\/p>\n<p>&nbsp;<\/p>\n<p><strong>Fronteras<\/strong><\/p>\n<p>El aumento de casos en Salta determin\u00f3 un rebrote principalmente en el norte de la provincia. Y, en ese punto, la administraci\u00f3n de Gustavo S\u00e1enz puso el foco en las fronteras, principalmente la externa, con Bolivia, por el paso ilegal de mercanc\u00edas y de pacientes que buscaban ser atendidos en el sistema de salud argentino.<\/p>\n<p>Sin embargo, en Salta creen que el nuevo pico (la mitad de los casi sesenta casos se dieron en las \u00faltimas 72 horas) tambi\u00e9n est\u00e1 ligado al regreso a la provincia de ciudadanos que ya estaban en el pa\u00eds, principalmente en Buenos Aires. Por eso, ahora el refuerzo en las fronteras es interno. \u201cNo van a ingresar a m\u00e1s personas hasta hasta que decidamos cu\u00e1l va a ser la situaci\u00f3n a futuro\u201d, sostuvo S\u00e1enz, al tiempo que se\u00f1al\u00f3 que la medida fue consensuada con los gobiernos de Santiago del Estero, Tucum\u00e1n y Jujuy. El cierre se dispondr\u00e1 por siete d\u00edas, y se suma la circulaci\u00f3n restringida en los municipios de Or\u00e1n, San Mart\u00edn y G\u00fcemes y se determinar\u00e1 el ingreso a comercios por n\u00famero de DNI. En cuanto a los deportes, s\u00f3lo se permitir\u00e1 las pr\u00e1cticas individuales hasta las 20:00, horario hasta el cual tambi\u00e9n funcionan gimnasios y locales gastron\u00f3micos, mientras que el delivery de comidas funcionar\u00e1 hasta las 0.<\/p>\n<p>D\u00edas atr\u00e1s, el gobernador de Tierra del Fuego Gustavo Melella se\u00f1alaba a este medio que el riesgo para la provincia eran las personas que arribaban a la provincia, ya que la situaci\u00f3n interna estaba controlada. Y el fin de semana, cuatro casos cortaron 38 d\u00edas consecutivos sin registros. Las autoridades fueguinas precisaron, justamente, que todos se corresponden con personas que hab\u00edan arribado en forma reciente a la provincia. Tres de Ushuaia pertenecen a un mismo grupo familiar \u201cque arrib\u00f3 v\u00eda a\u00e9rea y que estaba cumpliendo el aislamiento obligatorio de 14 d\u00edas\u201d, se\u00f1al\u00f3 un parte de prensa oficial. En tanto, el caso de R\u00edo Grande es el de una persona llegada a la ciudad por v\u00eda terrestre a trav\u00e9s del Paso Fronterizo de San Sebasti\u00e1n, lim\u00edtrofe con Chile.<\/p>\n","protected":false},"excerpt":{"rendered":"<p>El control de la pandemia en las provincias tuvo reveses significativos en los \u00faltimos d\u00edas, donde el hecho m\u00e1s resonante es la aparici\u00f3n del primer caso de coronavirus en Catamarca, a los que se sucedieron cinco m\u00e1s. Pero tambi\u00e9n hubo retrocesos en San Luis, que volvi\u00f3 a Fase 1 del aislamiento, as\u00ed como en Salta, Santa Cruz y Tierra del Fuego &nbsp; El foco de acci\u00f3n de los gobernadores tiene varios frentes, pero la mayor novedad es la vigilancia de la circulaci\u00f3n entre provincias, ya no s\u00f3lo por los casos&#8230;<\/p>\n","protected":false},"author":3,"featured_media":63501,"comment_status":"closed","ping_status":"closed","sticky":false,"template":"","format":"standard","meta":[],"categories":[2],"tags":[],"_links":{"self":[{"href":"https:\/\/www.actualidadadiario.com\/index.php\/wp-json\/wp\/v2\/posts\/63816"}],"collection":[{"href":"https:\/\/www.actualidadadiario.com\/index.php\/wp-json\/wp\/v2\/posts"}],"about":[{"href":"https:\/\/www.actualidadadiario.com\/index.php\/wp-json\/wp\/v2\/types\/post"}],"author":[{"embeddable":true,"href":"https:\/\/www.actualidadadiario.com\/index.php\/wp-json\/wp\/v2\/users\/3"}],"replies":[{"embeddable":true,"href":"https:\/\/www.actualidadadiario.com\/index.php\/wp-json\/wp\/v2\/comments?post=63816"}],"version-history":[{"count":1,"href":"https:\/\/www.actualidadadiario.com\/index.php\/wp-json\/wp\/v2\/posts\/63816\/revisions"}],"predecessor-version":[{"id":63817,"href":"https:\/\/www.actualidadadiario.com\/index.php\/wp-json\/wp\/v2\/posts\/63816\/revisions\/63817"}],"wp:featuredmedia":[{"embeddable":true,"href":"https:\/\/www.actualidadadiario.com\/index.php\/wp-json\/wp\/v2\/media\/63501"}],"wp:attachment":[{"href":"https:\/\/www.actualidadadiario.com\/index.php\/wp-json\/wp\/v2\/media?parent=63816"}],"wp:term":[{"taxonomy":"category","embeddable":true,"href":"https:\/\/www.actualidadadiario.com\/index.php\/wp-json\/wp\/v2\/categories?post=63816"},{"taxonomy":"post_tag","embeddable":true,"href":"https:\/\/www.actualidadadiario.com\/index.php\/wp-json\/wp\/v2\/tags?post=63816"}],"curies":[{"name":"wp","href":"https:\/\/api.w.org\/{rel}","templated":true}]}}