{"id":63805,"date":"2020-07-06T12:27:08","date_gmt":"2020-07-06T15:27:08","guid":{"rendered":"https:\/\/www.actualidadadiario.com\/?p=63805"},"modified":"2020-07-06T12:27:19","modified_gmt":"2020-07-06T15:27:19","slug":"la-comision-transfronteriza-acompana-el-proyecto-de-estudio-del-acuifero-salto-chico","status":"publish","type":"post","link":"https:\/\/www.actualidadadiario.com\/index.php\/2020\/07\/06\/la-comision-transfronteriza-acompana-el-proyecto-de-estudio-del-acuifero-salto-chico\/","title":{"rendered":"La Comisi\u00f3n Transfronteriza acompa\u00f1a el proyecto de estudio del Acu\u00edfero Salto Chico"},"content":{"rendered":"<p style=\"text-align: center;\"><em><strong>A trav\u00e9s de videoconferencia se realiz\u00f3 una reuni\u00f3n de la Comisi\u00f3n Transfronteriza del Acu\u00edfero Guaran\u00ed, integrado por especialistas de Argentina, Uruguay y Brasil. All\u00ed se respald\u00f3 el proyecto &#8220;Estrategia Regional para la Evaluaci\u00f3n y Gesti\u00f3n de Acu\u00edfero Salto Chico&#8221;, que el Gobierno de Entre R\u00edos present\u00f3 para su aprobaci\u00f3n y obtenci\u00f3n de financiamiento al Consejo H\u00eddrico Federal (COHIFE)<\/strong><\/em><\/p>\n<p>&nbsp;<\/p>\n<p>&nbsp;<\/p>\n<p>En el marco de las gestiones de planificaci\u00f3n y definici\u00f3n de programas estrat\u00e9gicos para Concordia, que impulsa el intendente Alfredo Francolini, la secretaria de Desarrollo Urbano de la Municipalidad de Concordia, arq. Mireya L\u00f3pez Bernis, particip\u00f3 de la reuni\u00f3n de la Comisi\u00f3n Transfronteriza del Acu\u00edfero Guaran\u00ed, en la que el principal tema abordado fue el respaldo al proyecto de caracterizaci\u00f3n de Acu\u00edfero Salto Chico, que impulsa el gobierno provincial.<\/p>\n<p>&#8220;El Acu\u00edfero Salto Chico es el principal acu\u00edfero del cual nos abastecemos en la regi\u00f3n, por eso es importante saber en detalle c\u00f3mo funciona, qu\u00e9 caudal de agua tiene, hacer un registro de los pozos y de la cantidad de agua que se extrae, y el uso que se le da&#8221;, explic\u00f3 la funcionaria municipal.<\/p>\n<p>&#8220;Junto a la Intendencia de Salto tenemos un convenio de trabajo en conjunto sobre el Acu\u00edfero Guaran\u00ed, trabajo que llevamos adelante junto a la Comisi\u00f3n Transfronteriza, y que nos permite avanzar en estudios sobre este acu\u00edfero que es uno de los m\u00e1s importantes de Sudam\u00e9rica. Desde este espacio articulado se apoya y acompa\u00f1a las gestiones que realiza la Direcci\u00f3n de Hidr\u00e1ulica de Entre R\u00edos ante el Consejo H\u00eddrico Federal, para el financiamiento dentro del plan de Aguas Subterr\u00e1neas&#8221;, agreg\u00f3 L\u00f3pez Bernis.<\/p>\n<p>Durante la reuni\u00f3n, la Comisi\u00f3n tambi\u00e9n solicit\u00f3 al COHIFE la divulgaci\u00f3n del Proyecto para la Protecci\u00f3n Ambiental y Desarrollo Sostenible del Sistema Acu\u00edfero Guaran\u00ed (PSAG) en diferentes \u00e1mbitos de la regi\u00f3n a trav\u00e9s de capacitaciones docentes a operadores y concesionarios, gu\u00edas y guarda-parques.<\/p>\n<p>De la reuni\u00f3n participaron adem\u00e1s la Ing. M\u00f3nica Garc\u00eda (Direcci\u00f3n de Hidr\u00e1ulica de Entre R\u00edos), Dra. Silvina de Simeone (integrante de la Secretar\u00eda de Estructuras y Pol\u00edticas H\u00eddricas de la Naci\u00f3n), Dr. Daniel M\u00e1rsico (ge\u00f3logo-t\u00e9cnico del ERTEER), Lic. Ximena Lacu\u00e9s (ge\u00f3loga de la DINAGUA &#8211; Montevideo), Mag. Juli\u00e1n Ramos (Docente investigador de UDELAR &#8211; UNER &#8211; CENUR), Tec. Julieta Nu\u00f1ez (personal del Laboratorio del EDOS Concordia), Miguel Ruiz D\u00edaz (integrante del Dto. Acu\u00edfero Guaran\u00ed &#8211; Municipalidad de Concordia) y Lic. Estela Solana (Jefa del Dto. Acu\u00edfero Guaran\u00ed &#8211; Municipalidad de Concordia), entre otros.<\/p>\n","protected":false},"excerpt":{"rendered":"<p>A trav\u00e9s de videoconferencia se realiz\u00f3 una reuni\u00f3n de la Comisi\u00f3n Transfronteriza del Acu\u00edfero Guaran\u00ed, integrado por especialistas de Argentina, Uruguay y Brasil. All\u00ed se respald\u00f3 el proyecto &#8220;Estrategia Regional para la Evaluaci\u00f3n y Gesti\u00f3n de Acu\u00edfero Salto Chico&#8221;, que el Gobierno de Entre R\u00edos present\u00f3 para su aprobaci\u00f3n y obtenci\u00f3n de financiamiento al Consejo H\u00eddrico Federal (COHIFE) &nbsp; &nbsp; En el marco de las gestiones de planificaci\u00f3n y definici\u00f3n de programas estrat\u00e9gicos para Concordia, que impulsa el intendente Alfredo Francolini, la secretaria de Desarrollo Urbano de la Municipalidad de&#8230;<\/p>\n","protected":false},"author":3,"featured_media":63806,"comment_status":"closed","ping_status":"closed","sticky":false,"template":"","format":"standard","meta":[],"categories":[15],"tags":[],"_links":{"self":[{"href":"https:\/\/www.actualidadadiario.com\/index.php\/wp-json\/wp\/v2\/posts\/63805"}],"collection":[{"href":"https:\/\/www.actualidadadiario.com\/index.php\/wp-json\/wp\/v2\/posts"}],"about":[{"href":"https:\/\/www.actualidadadiario.com\/index.php\/wp-json\/wp\/v2\/types\/post"}],"author":[{"embeddable":true,"href":"https:\/\/www.actualidadadiario.com\/index.php\/wp-json\/wp\/v2\/users\/3"}],"replies":[{"embeddable":true,"href":"https:\/\/www.actualidadadiario.com\/index.php\/wp-json\/wp\/v2\/comments?post=63805"}],"version-history":[{"count":2,"href":"https:\/\/www.actualidadadiario.com\/index.php\/wp-json\/wp\/v2\/posts\/63805\/revisions"}],"predecessor-version":[{"id":63808,"href":"https:\/\/www.actualidadadiario.com\/index.php\/wp-json\/wp\/v2\/posts\/63805\/revisions\/63808"}],"wp:featuredmedia":[{"embeddable":true,"href":"https:\/\/www.actualidadadiario.com\/index.php\/wp-json\/wp\/v2\/media\/63806"}],"wp:attachment":[{"href":"https:\/\/www.actualidadadiario.com\/index.php\/wp-json\/wp\/v2\/media?parent=63805"}],"wp:term":[{"taxonomy":"category","embeddable":true,"href":"https:\/\/www.actualidadadiario.com\/index.php\/wp-json\/wp\/v2\/categories?post=63805"},{"taxonomy":"post_tag","embeddable":true,"href":"https:\/\/www.actualidadadiario.com\/index.php\/wp-json\/wp\/v2\/tags?post=63805"}],"curies":[{"name":"wp","href":"https:\/\/api.w.org\/{rel}","templated":true}]}}