{"id":63800,"date":"2020-07-06T12:25:33","date_gmt":"2020-07-06T15:25:33","guid":{"rendered":"https:\/\/www.actualidadadiario.com\/?p=63800"},"modified":"2020-07-06T12:25:33","modified_gmt":"2020-07-06T15:25:33","slug":"ya-estan-habilitados-los-gimnasios-en-concordia","status":"publish","type":"post","link":"https:\/\/www.actualidadadiario.com\/index.php\/2020\/07\/06\/ya-estan-habilitados-los-gimnasios-en-concordia\/","title":{"rendered":"Ya est\u00e1n habilitados los gimnasios en Concordia"},"content":{"rendered":"<p style=\"text-align: center;\"><em><strong>Desde este lunes 6 de julio los gimnasios de la ciudad de Concordia se encuentran habilitados para funcionar \u201ccumpliendo estrictamente el Protocolo que fue presentado por ellos y autorizado por el Comit\u00e9 de Emergencia Sanitaria\u201d, se inform\u00f3 desde el Municipio<\/strong><\/em><\/p>\n<p>&nbsp;<\/p>\n<p>&nbsp;<\/p>\n<p>Tal como lo hab\u00eda anunciado el intendente Alfredo Francolini, este lunes quedaron habilitados para funcionar los gimnasios de Concordia. Deber\u00e1n hacerlo \u201ccumpliendo estrictamente el Protocolo que fue presentado por ellos y autorizado por el Comit\u00e9 de Emergencia Sanitaria\u201d, se inform\u00f3 desde el Municipio.<\/p>\n<p>El decreto municipal N\u00b0 743 autoriza la actividad de todos los \u201cestablecimientos habilitados como sala de musculaci\u00f3n, sala de crossfit, entrenamiento funcional, spinning, sala de pilates y\/o yoga, clases grupales de gimnasia aer\u00f3bica y deportiva\u201d. Podr\u00e1n funcionar de lunes a viernes de 8 a 20, y los s\u00e1bados de 8 a 13.<\/p>\n<p>Las medidas de seguridad sanitaria que se deber\u00e1n cumplir se detallan en un Anexo del decreto, que establece medidas respecto al distanciamiento, a la higiene y a la desinfecci\u00f3n. Tambi\u00e9n fija las obligaciones del establecimiento y de los usuarios, y explica c\u00f3mo se debe actuar ante un caso sospechoso.<\/p>\n","protected":false},"excerpt":{"rendered":"<p>Desde este lunes 6 de julio los gimnasios de la ciudad de Concordia se encuentran habilitados para funcionar \u201ccumpliendo estrictamente el Protocolo que fue presentado por ellos y autorizado por el Comit\u00e9 de Emergencia Sanitaria\u201d, se inform\u00f3 desde el Municipio &nbsp; &nbsp; Tal como lo hab\u00eda anunciado el intendente Alfredo Francolini, este lunes quedaron habilitados para funcionar los gimnasios de Concordia. Deber\u00e1n hacerlo \u201ccumpliendo estrictamente el Protocolo que fue presentado por ellos y autorizado por el Comit\u00e9 de Emergencia Sanitaria\u201d, se inform\u00f3 desde el Municipio. El decreto municipal N\u00b0 743&#8230;<\/p>\n","protected":false},"author":3,"featured_media":63801,"comment_status":"closed","ping_status":"closed","sticky":false,"template":"","format":"standard","meta":[],"categories":[15],"tags":[],"_links":{"self":[{"href":"https:\/\/www.actualidadadiario.com\/index.php\/wp-json\/wp\/v2\/posts\/63800"}],"collection":[{"href":"https:\/\/www.actualidadadiario.com\/index.php\/wp-json\/wp\/v2\/posts"}],"about":[{"href":"https:\/\/www.actualidadadiario.com\/index.php\/wp-json\/wp\/v2\/types\/post"}],"author":[{"embeddable":true,"href":"https:\/\/www.actualidadadiario.com\/index.php\/wp-json\/wp\/v2\/users\/3"}],"replies":[{"embeddable":true,"href":"https:\/\/www.actualidadadiario.com\/index.php\/wp-json\/wp\/v2\/comments?post=63800"}],"version-history":[{"count":1,"href":"https:\/\/www.actualidadadiario.com\/index.php\/wp-json\/wp\/v2\/posts\/63800\/revisions"}],"predecessor-version":[{"id":63802,"href":"https:\/\/www.actualidadadiario.com\/index.php\/wp-json\/wp\/v2\/posts\/63800\/revisions\/63802"}],"wp:featuredmedia":[{"embeddable":true,"href":"https:\/\/www.actualidadadiario.com\/index.php\/wp-json\/wp\/v2\/media\/63801"}],"wp:attachment":[{"href":"https:\/\/www.actualidadadiario.com\/index.php\/wp-json\/wp\/v2\/media?parent=63800"}],"wp:term":[{"taxonomy":"category","embeddable":true,"href":"https:\/\/www.actualidadadiario.com\/index.php\/wp-json\/wp\/v2\/categories?post=63800"},{"taxonomy":"post_tag","embeddable":true,"href":"https:\/\/www.actualidadadiario.com\/index.php\/wp-json\/wp\/v2\/tags?post=63800"}],"curies":[{"name":"wp","href":"https:\/\/api.w.org\/{rel}","templated":true}]}}