{"id":63798,"date":"2020-07-06T12:24:47","date_gmt":"2020-07-06T15:24:47","guid":{"rendered":"https:\/\/www.actualidadadiario.com\/?p=63798"},"modified":"2020-07-06T12:24:47","modified_gmt":"2020-07-06T15:24:47","slug":"este-lunes-parana-concentro-los-5-nuevos-casos-registrados-en-entre-rios","status":"publish","type":"post","link":"https:\/\/www.actualidadadiario.com\/index.php\/2020\/07\/06\/este-lunes-parana-concentro-los-5-nuevos-casos-registrados-en-entre-rios\/","title":{"rendered":"Este lunes, Paran\u00e1 concentr\u00f3 los 5 nuevos casos registrados en Entre R\u00edos"},"content":{"rendered":"<p style=\"text-align: center;\"><em><strong>De acuerdo al \u00e1rea de Vigilancia Epidemiol\u00f3gica del Ministerio de Salud, en Entre R\u00edos se han sumado 5 nuevos casos de coronavirus en el inicio de la semana<\/strong><\/em><\/p>\n<p>&nbsp;<\/p>\n<p>Todos corresponden a la ciudad de Paran\u00e1, 3 se tratan de contactos estrechos de pacientes con Covid-19 positivo y de los 2 restantes sus nexos epidemiol\u00f3gicos se encuentran en estudio.<\/p>\n<p>De ese modo, en la provincia son 336 los casos confirmados.<\/p>\n","protected":false},"excerpt":{"rendered":"<p>De acuerdo al \u00e1rea de Vigilancia Epidemiol\u00f3gica del Ministerio de Salud, en Entre R\u00edos se han sumado 5 nuevos casos de coronavirus en el inicio de la semana &nbsp; Todos corresponden a la ciudad de Paran\u00e1, 3 se tratan de contactos estrechos de pacientes con Covid-19 positivo y de los 2 restantes sus nexos epidemiol\u00f3gicos se encuentran en estudio. De ese modo, en la provincia son 336 los casos confirmados.<\/p>\n","protected":false},"author":3,"featured_media":61923,"comment_status":"closed","ping_status":"closed","sticky":false,"template":"","format":"standard","meta":[],"categories":[15],"tags":[],"_links":{"self":[{"href":"https:\/\/www.actualidadadiario.com\/index.php\/wp-json\/wp\/v2\/posts\/63798"}],"collection":[{"href":"https:\/\/www.actualidadadiario.com\/index.php\/wp-json\/wp\/v2\/posts"}],"about":[{"href":"https:\/\/www.actualidadadiario.com\/index.php\/wp-json\/wp\/v2\/types\/post"}],"author":[{"embeddable":true,"href":"https:\/\/www.actualidadadiario.com\/index.php\/wp-json\/wp\/v2\/users\/3"}],"replies":[{"embeddable":true,"href":"https:\/\/www.actualidadadiario.com\/index.php\/wp-json\/wp\/v2\/comments?post=63798"}],"version-history":[{"count":1,"href":"https:\/\/www.actualidadadiario.com\/index.php\/wp-json\/wp\/v2\/posts\/63798\/revisions"}],"predecessor-version":[{"id":63799,"href":"https:\/\/www.actualidadadiario.com\/index.php\/wp-json\/wp\/v2\/posts\/63798\/revisions\/63799"}],"wp:featuredmedia":[{"embeddable":true,"href":"https:\/\/www.actualidadadiario.com\/index.php\/wp-json\/wp\/v2\/media\/61923"}],"wp:attachment":[{"href":"https:\/\/www.actualidadadiario.com\/index.php\/wp-json\/wp\/v2\/media?parent=63798"}],"wp:term":[{"taxonomy":"category","embeddable":true,"href":"https:\/\/www.actualidadadiario.com\/index.php\/wp-json\/wp\/v2\/categories?post=63798"},{"taxonomy":"post_tag","embeddable":true,"href":"https:\/\/www.actualidadadiario.com\/index.php\/wp-json\/wp\/v2\/tags?post=63798"}],"curies":[{"name":"wp","href":"https:\/\/api.w.org\/{rel}","templated":true}]}}