{"id":63793,"date":"2020-07-06T12:22:58","date_gmt":"2020-07-06T15:22:58","guid":{"rendered":"https:\/\/www.actualidadadiario.com\/?p=63793"},"modified":"2020-07-06T12:22:58","modified_gmt":"2020-07-06T15:22:58","slug":"la-reforma-a-la-ley-del-emprendedor-entrerriano-beneficiara-a-empresas-del-sector-turistico","status":"publish","type":"post","link":"https:\/\/www.actualidadadiario.com\/index.php\/2020\/07\/06\/la-reforma-a-la-ley-del-emprendedor-entrerriano-beneficiara-a-empresas-del-sector-turistico\/","title":{"rendered":"La reforma a la ley del emprendedor entrerriano beneficiar\u00e1 a empresas del sector tur\u00edstico"},"content":{"rendered":"<p style=\"text-align: center;\"><em><strong>Durante la sexta sesi\u00f3n ordinaria del 141\u00ba Per\u00edodo Legislativo la C\u00e1mara de Diputados dio media sanci\u00f3n al proyecto de ley que propone modificaciones a ley provincial que establec\u00eda el r\u00e9gimen de promoci\u00f3n del emprendedor entrerriano<\/strong><\/em><\/p>\n<p>&nbsp;<\/p>\n<p>&nbsp;<\/p>\n<p>La iniciativa, impulsada por el bloque oficialista, propone incorporar a las Micro, Peque\u00f1as y Medianas Empresas (MiPyMes) como beneficiarias de financiamiento y programas de desarrollo.<\/p>\n<p>Al respecto, el ministro de Producci\u00f3n y Turismo, Juan Jos\u00e9 Bahillo aport\u00f3: &#8220;Es la reforma de la ley que establec\u00eda el r\u00e9gimen de promoci\u00f3n del emprendedor entrerriano que era la ley 10.394. Se reforma en el sentido de incorporar a este r\u00e9gimen que crea un fondo rotativo, que era hasta ahora solamente para j\u00f3venes emprendedores entrerrianos, a la MiPymes de la provincia a este fondo rotativo de financiamiento y al sector tur\u00edstico&#8221;.<\/p>\n<p>El titular de la cartera productiva especific\u00f3 incluso que &#8220;en el marco de la ley se van a establecer diferentes programas, adem\u00e1s de los que ya vienen funcionando, como J\u00f3venes Emprendedores, Programa de Apoyo al Comercio Emprendedor; y se van a incorporar iniciativas destinadas espec\u00edficamente a la reactivaci\u00f3n productiva de las MiPyMes entrerrianas, incorporando todos los sectores y con esta reforma tambi\u00e9n, al turismo. De este modo podremos llegar a los sectores de industria, servicios, agropecuario y tur\u00edstico&#8221;.<\/p>\n<p>Con la creaci\u00f3n de este Fondo de Emprendedurismo Joven Entrerriano, Entre R\u00edos fue una de las provincias pioneras, en 2015. Si bien hay otros fondos de diferentes formas, este es un fondo rotativo p\u00fablico administrado por el gobierno provincial. &#8220;Hay otras experiencias similares en otras provincias como agencias o fondos fiduciarios. Pero en cuanto a fondos p\u00fablicos administrados por el gobierno de la provincia y de manera exitosa, esta es la \u00fanica experiencia. Tambi\u00e9n existe el Fondep, que es el fondo nacional que maneja el Ministerio de Desarrollo Productivo de la Naci\u00f3n que tambi\u00e9n es un fondo p\u00fablico&#8221;, precis\u00f3 Pedro Gehbart, secretario de Desarrollo Econ\u00f3mico y Emprendedor de Entre R\u00edos.<\/p>\n<p>Acerca del impacto de la medida legislativa, el funcionario asegur\u00f3 que &#8220;fue muy bien recibida entre representantes de todos los sectores que hemos hablado, fundamentalmente con el sector tur\u00edstico, ya que con esto la provincia habilita una herramienta y una posibilidad de financiamiento a emprendimientos productivos de emprendedores y de MyPiMes entrerrianas, en este caso del sector tur\u00edstico, para la reactivaci\u00f3n productiva, teniendo en cuenta que es uno de los sectores m\u00e1s cr\u00edticos y que m\u00e1s ha sufrido en la provincia&#8221;.<\/p>\n","protected":false},"excerpt":{"rendered":"<p>Durante la sexta sesi\u00f3n ordinaria del 141\u00ba Per\u00edodo Legislativo la C\u00e1mara de Diputados dio media sanci\u00f3n al proyecto de ley que propone modificaciones a ley provincial que establec\u00eda el r\u00e9gimen de promoci\u00f3n del emprendedor entrerriano &nbsp; &nbsp; La iniciativa, impulsada por el bloque oficialista, propone incorporar a las Micro, Peque\u00f1as y Medianas Empresas (MiPyMes) como beneficiarias de financiamiento y programas de desarrollo. Al respecto, el ministro de Producci\u00f3n y Turismo, Juan Jos\u00e9 Bahillo aport\u00f3: &#8220;Es la reforma de la ley que establec\u00eda el r\u00e9gimen de promoci\u00f3n del emprendedor entrerriano que&#8230;<\/p>\n","protected":false},"author":3,"featured_media":63794,"comment_status":"closed","ping_status":"closed","sticky":false,"template":"","format":"standard","meta":[],"categories":[9],"tags":[],"_links":{"self":[{"href":"https:\/\/www.actualidadadiario.com\/index.php\/wp-json\/wp\/v2\/posts\/63793"}],"collection":[{"href":"https:\/\/www.actualidadadiario.com\/index.php\/wp-json\/wp\/v2\/posts"}],"about":[{"href":"https:\/\/www.actualidadadiario.com\/index.php\/wp-json\/wp\/v2\/types\/post"}],"author":[{"embeddable":true,"href":"https:\/\/www.actualidadadiario.com\/index.php\/wp-json\/wp\/v2\/users\/3"}],"replies":[{"embeddable":true,"href":"https:\/\/www.actualidadadiario.com\/index.php\/wp-json\/wp\/v2\/comments?post=63793"}],"version-history":[{"count":1,"href":"https:\/\/www.actualidadadiario.com\/index.php\/wp-json\/wp\/v2\/posts\/63793\/revisions"}],"predecessor-version":[{"id":63795,"href":"https:\/\/www.actualidadadiario.com\/index.php\/wp-json\/wp\/v2\/posts\/63793\/revisions\/63795"}],"wp:featuredmedia":[{"embeddable":true,"href":"https:\/\/www.actualidadadiario.com\/index.php\/wp-json\/wp\/v2\/media\/63794"}],"wp:attachment":[{"href":"https:\/\/www.actualidadadiario.com\/index.php\/wp-json\/wp\/v2\/media?parent=63793"}],"wp:term":[{"taxonomy":"category","embeddable":true,"href":"https:\/\/www.actualidadadiario.com\/index.php\/wp-json\/wp\/v2\/categories?post=63793"},{"taxonomy":"post_tag","embeddable":true,"href":"https:\/\/www.actualidadadiario.com\/index.php\/wp-json\/wp\/v2\/tags?post=63793"}],"curies":[{"name":"wp","href":"https:\/\/api.w.org\/{rel}","templated":true}]}}