{"id":63787,"date":"2020-07-03T12:26:57","date_gmt":"2020-07-03T15:26:57","guid":{"rendered":"https:\/\/www.actualidadadiario.com\/?p=63787"},"modified":"2020-07-03T12:26:57","modified_gmt":"2020-07-03T15:26:57","slug":"la-formula-1-inicio-su-actividad-entre-la-polemica-con-vettel-y-el-impacto-por-el-nuevo-coche-de-hamilton","status":"publish","type":"post","link":"https:\/\/www.actualidadadiario.com\/index.php\/2020\/07\/03\/la-formula-1-inicio-su-actividad-entre-la-polemica-con-vettel-y-el-impacto-por-el-nuevo-coche-de-hamilton\/","title":{"rendered":"La F\u00f3rmula 1 inici\u00f3 su actividad entre la pol\u00e9mica con Vettel y el impacto por el nuevo coche de Hamilton"},"content":{"rendered":"<p style=\"text-align: center;\"><em><strong>Sin p\u00fablico en las tribunas y con menos gente en los boxes (todos utilizando tapabocas), la F\u00f3rmula 1 volvi\u00f3 a encender sus motores luego de m\u00e1s de siete meses desde la carrera en Abu Dhabi que cerr\u00f3 el Mundial 2019. El lugar elegido para la primera jornada fue el Red Bull Ring de Spielberg, hogar del Gran Premio de Austria<\/strong><\/em><\/p>\n<p>&nbsp;<\/p>\n<p>Tras tres meses de demora debido a lo sucedido por el coronavirus, todo sigue igual dentro de la pista. En el primer d\u00eda de entrenamientos el piloto ingl\u00e9s Lewis Hamilton y su Mercedes volvieron a marcar el camino y se qued\u00f3 con el mejor tiempo de la jornada.<\/p>\n<p>El primero en salir a escena fue el piloto espa\u00f1ol de McLaren Carlos Sainz, quien finaliz\u00f3 cuarto. Aunque las tribunas estuvieron vac\u00edas, se pudieron leer algunos mensajes contra la discriminaci\u00f3n y el racismo, algo que forma parte de la campa\u00f1a \u201cWe are one\u201d que lanz\u00f3 la categor\u00eda reina del automovilismo.<\/p>\n<p>Hamilton, que arranc\u00f3 la b\u00fasqueda de su s\u00e9ptimo mundial (igualar\u00eda la marca del alem\u00e1n Michael Schumacher), cerr\u00f3 con un tiempo de 1m04s816, aventajando en m\u00e1s de tres d\u00e9cimas a su compa\u00f1ero de equipo, el finland\u00e9s Valtteri Botas. El tercer puesto se lo qued\u00f3 el holand\u00e9s Max Verstappen, de Red Bull.<\/p>\n<p>El seis veces campe\u00f3n del mundo y su compa\u00f1ero de equipo, el finland\u00e9s Bottas, tambi\u00e9n fueron noticia por el significativo cambio en sus veh\u00edculos. Para esta temporada, la escuder\u00eda Mercedes AMG Petronas decidi\u00f3 que sus autos sean de color negro, en una declaraci\u00f3n \u201ccontra el racismo y la discriminaci\u00f3n en todas sus formas\u201d. De esta manera dejaron de lado el cl\u00e1sico tono plateado.<\/p>\n<p>\u201cYo he experimentado personalmente el racismo y vi a mi familia y amigos experimentar racismo. Estoy hablando desde el coraz\u00f3n cuando pido un cambio\u201d, explic\u00f3 Hamilton, quien particip\u00f3 de las protestas realizadas en Londres en las \u00faltimas semanas.<\/p>\n<p>\u201cPresentamos nuestros nuevos colores. Una promesa para mejorar la diversidad de nuestro equipo y nuestro deporte, y una se\u00f1al del compromiso del equipo de luchar contra el racismo y la discriminaci\u00f3n en todas sus formas\u201d, anunci\u00f3 la escuder\u00eda alemana ganadora de las \u00faltimas seis Copas de Constructores. De modo que las \u201cflechas de plata\u201d pasar\u00e1n a ser \u201clas flechas negras\u201d.<\/p>\n<p>El que qued\u00f3 en el centro de la escena fue Sebastian Vettel, quien finaliz\u00f3 en el puesto 12. El alem\u00e1n, que la pr\u00f3xima temporada no correr\u00e1 en Ferrari, cont\u00f3 su verdad sobre su salida de la escuder\u00eda del Cavallino Rampante.<\/p>\n<p>El cuatro veces ganador de la F\u00f3rmula 1 (2010, 2011, 2012 y 2013) fue claro en su descurso, al recalcar que nunca hubo una negociaci\u00f3n ni una oferta para continuar por parte de los italianos, pese a que p\u00fablicamente aseguraron que el alem\u00e1n era la \u201cprioridad\u201d.<\/p>\n<p>\u201cNo hubo ning\u00fan momento conflictivo. Obviamente fue una sorpresa para m\u00ed cuando recib\u00ed la llamada de Mattia (Binotto) y me dijo que el equipo no ten\u00eda la intenci\u00f3n de que yo siguiera. Nunca tuvimos conversaciones, nunca hubo una oferta sobre la mesa y, por lo tanto, no hubo ning\u00fan problema\u201d, solt\u00f3 ante la prensa.<\/p>\n<p>Esto contrapone a los dichos del jefe de equipo Mattia Binotto, que a principio de a\u00f1o manifest\u00f3 que \u201cSeb es nuestra opci\u00f3n preferente y queremos que siga en Ferrari\u201d.<\/p>\n<p>De esta manera, en Maranello decidieron apostar por el espa\u00f1ol Carlos Sainz para reemplazarlo. Las claves de esta decisi\u00f3n habr\u00edan sido los magros resultados de la pasada temporada y los roces con Charles Leclerc.<\/p>\n","protected":false},"excerpt":{"rendered":"<p>Sin p\u00fablico en las tribunas y con menos gente en los boxes (todos utilizando tapabocas), la F\u00f3rmula 1 volvi\u00f3 a encender sus motores luego de m\u00e1s de siete meses desde la carrera en Abu Dhabi que cerr\u00f3 el Mundial 2019. El lugar elegido para la primera jornada fue el Red Bull Ring de Spielberg, hogar del Gran Premio de Austria &nbsp; Tras tres meses de demora debido a lo sucedido por el coronavirus, todo sigue igual dentro de la pista. En el primer d\u00eda de entrenamientos el piloto ingl\u00e9s Lewis&#8230;<\/p>\n","protected":false},"author":3,"featured_media":63788,"comment_status":"closed","ping_status":"closed","sticky":false,"template":"","format":"standard","meta":[],"categories":[4],"tags":[],"_links":{"self":[{"href":"https:\/\/www.actualidadadiario.com\/index.php\/wp-json\/wp\/v2\/posts\/63787"}],"collection":[{"href":"https:\/\/www.actualidadadiario.com\/index.php\/wp-json\/wp\/v2\/posts"}],"about":[{"href":"https:\/\/www.actualidadadiario.com\/index.php\/wp-json\/wp\/v2\/types\/post"}],"author":[{"embeddable":true,"href":"https:\/\/www.actualidadadiario.com\/index.php\/wp-json\/wp\/v2\/users\/3"}],"replies":[{"embeddable":true,"href":"https:\/\/www.actualidadadiario.com\/index.php\/wp-json\/wp\/v2\/comments?post=63787"}],"version-history":[{"count":1,"href":"https:\/\/www.actualidadadiario.com\/index.php\/wp-json\/wp\/v2\/posts\/63787\/revisions"}],"predecessor-version":[{"id":63789,"href":"https:\/\/www.actualidadadiario.com\/index.php\/wp-json\/wp\/v2\/posts\/63787\/revisions\/63789"}],"wp:featuredmedia":[{"embeddable":true,"href":"https:\/\/www.actualidadadiario.com\/index.php\/wp-json\/wp\/v2\/media\/63788"}],"wp:attachment":[{"href":"https:\/\/www.actualidadadiario.com\/index.php\/wp-json\/wp\/v2\/media?parent=63787"}],"wp:term":[{"taxonomy":"category","embeddable":true,"href":"https:\/\/www.actualidadadiario.com\/index.php\/wp-json\/wp\/v2\/categories?post=63787"},{"taxonomy":"post_tag","embeddable":true,"href":"https:\/\/www.actualidadadiario.com\/index.php\/wp-json\/wp\/v2\/tags?post=63787"}],"curies":[{"name":"wp","href":"https:\/\/api.w.org\/{rel}","templated":true}]}}