{"id":63781,"date":"2020-07-03T12:25:14","date_gmt":"2020-07-03T15:25:14","guid":{"rendered":"https:\/\/www.actualidadadiario.com\/?p=63781"},"modified":"2020-07-03T12:25:14","modified_gmt":"2020-07-03T15:25:14","slug":"amazonas-en-llamas-brasil-registro-en-junio-el-mayor-numero-de-incendios-en-13-anos","status":"publish","type":"post","link":"https:\/\/www.actualidadadiario.com\/index.php\/2020\/07\/03\/amazonas-en-llamas-brasil-registro-en-junio-el-mayor-numero-de-incendios-en-13-anos\/","title":{"rendered":"Amazonas en llamas: Brasil registr\u00f3 en junio el mayor n\u00famero de incendios en 13 a\u00f1os"},"content":{"rendered":"<p style=\"text-align: center;\"><em><strong>Tal como hab\u00eda adelantado el Instituto de Investigaci\u00f3n Ambiental de la Amazon\u00eda (IPAM), las quemas de junio en la zona brasile\u00f1a del Amazonas marcaron un r\u00e9cord hist\u00f3rico. El n\u00famero de incendios aument\u00f3 un 19,5% en comparaci\u00f3n con el mismo mes del a\u00f1o pasado, con 2.248 focos registrados, la peor cifra para ese mes en 13 a\u00f1os. La preocupaci\u00f3n es mayor adem\u00e1s porque el fuego podr\u00eda potenciar el colapso sanitario que desat\u00f3 la pandemia del coronavirus, ante las m\u00faltiples consultas que se esperan en las salas de emergencias por enfermedades respiratorias causadas por la humareda<\/strong><\/em><\/p>\n<p>&nbsp;<\/p>\n<p>&nbsp;<\/p>\n<p>Estas cifras sustentan las previsiones de los analistas, que pronosticaban un a\u00f1o a\u00fan m\u00e1s devastador que 2019, cuando el aumento de los incendios en el Amazonas gener\u00f3 preocupaci\u00f3n e indignaci\u00f3n a escala\u00a0 internacional.<\/p>\n<p>La web del Instituto Nacional de Pesquisas Espaciales (INPE), que permite seguir en tiempo real las alertas de incendios identificados por sat\u00e9lite, nunca hab\u00eda reportado tantos focos en este mes del a\u00f1o desde 2007, cuando fueron identificados 3.519.<\/p>\n<p>Pero lo peor se espera para agosto: en 2019 se registraron m\u00e1s de 30.000 focos, tres veces m\u00e1s que en el mismo mes de 2018. En 2020 se sumar\u00e1n adem\u00e1s las quemas que fueron suspendidas el a\u00f1o pasado por la presi\u00f3n internacional y las cr\u00edticas contra el presidente ultraderechista Jair Bolsonaro.<\/p>\n<p>Los incendios son en su mayor\u00eda provocados y est\u00e1n directamente relacionados con la deforestaci\u00f3n para fines agr\u00edcolas y ganaderos. La deforestaci\u00f3n en Brasil ya marc\u00f3 niveles alarmantes este a\u00f1o, con m\u00e1s de 2.000 km2 deforestados de enero a mayo, un 34% m\u00e1s que en el mismo per\u00edodo de 2019, seg\u00fan los \u00faltimos datos del INPE. El Instituto de Pesquisa Ambiental de la Amazon\u00eda (Ipam) estim\u00f3 por otro lado que 9.000 km2 de selva ya deforestada desde el a\u00f1o pasado podr\u00edan ser incinerados.<\/p>\n<p>&nbsp;<\/p>\n<p><strong>Un problema que puede empeorar la situaci\u00f3n sanitaria<\/strong><\/p>\n<p>Los expertos tambi\u00e9n temen que el aumento de incendios provoque m\u00e1s problemas respiratorios en los habitantes de una zona en la que el sistema sanitario ya cruji\u00f3 por la pandemia.<\/p>\n","protected":false},"excerpt":{"rendered":"<p>Tal como hab\u00eda adelantado el Instituto de Investigaci\u00f3n Ambiental de la Amazon\u00eda (IPAM), las quemas de junio en la zona brasile\u00f1a del Amazonas marcaron un r\u00e9cord hist\u00f3rico. El n\u00famero de incendios aument\u00f3 un 19,5% en comparaci\u00f3n con el mismo mes del a\u00f1o pasado, con 2.248 focos registrados, la peor cifra para ese mes en 13 a\u00f1os. La preocupaci\u00f3n es mayor adem\u00e1s porque el fuego podr\u00eda potenciar el colapso sanitario que desat\u00f3 la pandemia del coronavirus, ante las m\u00faltiples consultas que se esperan en las salas de emergencias por enfermedades respiratorias&#8230;<\/p>\n","protected":false},"author":3,"featured_media":63782,"comment_status":"closed","ping_status":"closed","sticky":false,"template":"","format":"standard","meta":[],"categories":[4],"tags":[],"_links":{"self":[{"href":"https:\/\/www.actualidadadiario.com\/index.php\/wp-json\/wp\/v2\/posts\/63781"}],"collection":[{"href":"https:\/\/www.actualidadadiario.com\/index.php\/wp-json\/wp\/v2\/posts"}],"about":[{"href":"https:\/\/www.actualidadadiario.com\/index.php\/wp-json\/wp\/v2\/types\/post"}],"author":[{"embeddable":true,"href":"https:\/\/www.actualidadadiario.com\/index.php\/wp-json\/wp\/v2\/users\/3"}],"replies":[{"embeddable":true,"href":"https:\/\/www.actualidadadiario.com\/index.php\/wp-json\/wp\/v2\/comments?post=63781"}],"version-history":[{"count":1,"href":"https:\/\/www.actualidadadiario.com\/index.php\/wp-json\/wp\/v2\/posts\/63781\/revisions"}],"predecessor-version":[{"id":63783,"href":"https:\/\/www.actualidadadiario.com\/index.php\/wp-json\/wp\/v2\/posts\/63781\/revisions\/63783"}],"wp:featuredmedia":[{"embeddable":true,"href":"https:\/\/www.actualidadadiario.com\/index.php\/wp-json\/wp\/v2\/media\/63782"}],"wp:attachment":[{"href":"https:\/\/www.actualidadadiario.com\/index.php\/wp-json\/wp\/v2\/media?parent=63781"}],"wp:term":[{"taxonomy":"category","embeddable":true,"href":"https:\/\/www.actualidadadiario.com\/index.php\/wp-json\/wp\/v2\/categories?post=63781"},{"taxonomy":"post_tag","embeddable":true,"href":"https:\/\/www.actualidadadiario.com\/index.php\/wp-json\/wp\/v2\/tags?post=63781"}],"curies":[{"name":"wp","href":"https:\/\/api.w.org\/{rel}","templated":true}]}}