{"id":63778,"date":"2020-07-03T12:24:35","date_gmt":"2020-07-03T15:24:35","guid":{"rendered":"https:\/\/www.actualidadadiario.com\/?p=63778"},"modified":"2020-07-03T12:24:35","modified_gmt":"2020-07-03T15:24:35","slug":"un-alcalde-de-brasil-anuncio-la-reapertura-del-comercio-muera-quien-muera","status":"publish","type":"post","link":"https:\/\/www.actualidadadiario.com\/index.php\/2020\/07\/03\/un-alcalde-de-brasil-anuncio-la-reapertura-del-comercio-muera-quien-muera\/","title":{"rendered":"Un alcalde de Brasil anunci\u00f3 la reapertura del comercio \u201cmuera quien muera\u201d"},"content":{"rendered":"<p style=\"text-align: center;\"><em><strong>La ciudad Itabuna ha permanecido en confinamiento social desde marzo y suma 2.637 casos confirmados de coronavirus y 58 muertes<\/strong><\/em><\/p>\n<p>&nbsp;<\/p>\n<p>&nbsp;<\/p>\n<p>El alcalde de un municipio del nordeste de Brasil que tiene copada al 100 % la capacidad de los hospitales para atenci\u00f3n de pacientes con la COVID-19 anunci\u00f3 que el pr\u00f3ximo 9 de julio abrir\u00e1 el comercio \u201cmuera quien muera\u201d.<\/p>\n<p>La afirmaci\u00f3n del mandatario aparece en un video divulgado este jueves por las redes sociales por habitantes de Itabuna, un municipio del estado de Bah\u00eda que se volvi\u00f3 tendencia en Twitter por cuenta de su burgomaestre.<\/p>\n<p>\u201cEntonces, con la duda y con los nuestros muriendo por una cama en Itabuna, transferir\u00e9 esa apertura (del comercio). Orden\u00e9 publicar el decreto el d\u00eda 8, para que el d\u00eda 9 abra, muera quien muera\u201d, se\u00f1al\u00f3 el alcalde Fernando Gomes durante una entrevista el mi\u00e9rcoles.<\/p>\n<p>La ciudad ha permanecido en confinamiento social desde marzo y ten\u00eda previsto iniciar la reapertura de actividades comerciales este jueves 2 de julio, pero decidi\u00f3 posponer la fecha por la falta de Unidades de Terapia Intensiva (UTI) para pacientes con COVID-19.<\/p>\n<p>Itabuna, un municipio de 200.000 habitantes y que solo cuenta con 30 camas para atenci\u00f3n de pacientes con la COVID-19, ya suma 2.637 casos confirmados y 58 muertes por la enfermedad.<\/p>\n<p>Tras la pol\u00e9mica y las cr\u00edticas que causaron las declaraciones del alcalde Gomes, la municipalidad divulg\u00f3 un comunicado se\u00f1alando que se hab\u00eda &#8220;malinterpretado&#8221; sus palabras.<\/p>\n<p>El nordeste es una de las regiones m\u00e1s empobrecidas de Brasil, as\u00ed como una de las m\u00e1s afectadas por la pandemia del coronavirus, con cerca de 20.000 muertes y 500.000 infectados, pr\u00e1cticamente la tercera parte del total del pa\u00eds.<\/p>\n<p>Brasil, con 60.632 muertes y 1.448.753 casos confirmados del coronavirus, es el segundo pa\u00eds del mundo con m\u00e1s infectados, solo por detr\u00e1s de Estados Unidos.<\/p>\n<p>&nbsp;<\/p>\n<p><strong>Reapertura en R\u00edo de Janeiro<\/strong><\/p>\n<p>R\u00edo de Janeiro abri\u00f3 este mi\u00e9rcoles sus restaurantes, bares y gimnasios como parte de una acelerada desescalada de las medidas adoptadas para frenar el coronavirus pese a que tiene una de las m\u00e1s elevadas tasas de muertes en el mundo.<\/p>\n<p>R\u00edo de Janeiro contabilizaba hasta el mi\u00e9rcoles 6.618 muertes por COVID-19 desde su primera v\u00edctima el 19 de marzo, as\u00ed como 57.879 casos de la enfermedad, que la convierten en la segunda ciudad m\u00e1s afectada por la pandemia en el pa\u00eds despu\u00e9s de Sao Paulo.<\/p>\n<p>Pese a admitir que espera que no haya una reca\u00edda que lo obligue a volver atr\u00e1s, el alcalde Marcelo Crivella dijo que se siente seguro de la flexibilizaci\u00f3n ya que la curva de muertes y de contagios est\u00e1 estacionada hace varias semanas y que no hay una amenaza de colapso hospitalario.<\/p>\n<p>Crivella, que aspira a ser reelegido en noviembre pr\u00f3ximo, admiti\u00f3 que la crisis econ\u00f3mica generada por la pandemia lo oblig\u00f3 a acelerar la desescalada. \u201cLa econom\u00eda sufri\u00f3 un impacto enorme y estamos con un nivel de desempleo gigantesco\u201d, afirm\u00f3.<\/p>\n","protected":false},"excerpt":{"rendered":"<p>La ciudad Itabuna ha permanecido en confinamiento social desde marzo y suma 2.637 casos confirmados de coronavirus y 58 muertes &nbsp; &nbsp; El alcalde de un municipio del nordeste de Brasil que tiene copada al 100 % la capacidad de los hospitales para atenci\u00f3n de pacientes con la COVID-19 anunci\u00f3 que el pr\u00f3ximo 9 de julio abrir\u00e1 el comercio \u201cmuera quien muera\u201d. La afirmaci\u00f3n del mandatario aparece en un video divulgado este jueves por las redes sociales por habitantes de Itabuna, un municipio del estado de Bah\u00eda que se volvi\u00f3&#8230;<\/p>\n","protected":false},"author":3,"featured_media":63779,"comment_status":"closed","ping_status":"closed","sticky":false,"template":"","format":"standard","meta":[],"categories":[4],"tags":[],"_links":{"self":[{"href":"https:\/\/www.actualidadadiario.com\/index.php\/wp-json\/wp\/v2\/posts\/63778"}],"collection":[{"href":"https:\/\/www.actualidadadiario.com\/index.php\/wp-json\/wp\/v2\/posts"}],"about":[{"href":"https:\/\/www.actualidadadiario.com\/index.php\/wp-json\/wp\/v2\/types\/post"}],"author":[{"embeddable":true,"href":"https:\/\/www.actualidadadiario.com\/index.php\/wp-json\/wp\/v2\/users\/3"}],"replies":[{"embeddable":true,"href":"https:\/\/www.actualidadadiario.com\/index.php\/wp-json\/wp\/v2\/comments?post=63778"}],"version-history":[{"count":1,"href":"https:\/\/www.actualidadadiario.com\/index.php\/wp-json\/wp\/v2\/posts\/63778\/revisions"}],"predecessor-version":[{"id":63780,"href":"https:\/\/www.actualidadadiario.com\/index.php\/wp-json\/wp\/v2\/posts\/63778\/revisions\/63780"}],"wp:featuredmedia":[{"embeddable":true,"href":"https:\/\/www.actualidadadiario.com\/index.php\/wp-json\/wp\/v2\/media\/63779"}],"wp:attachment":[{"href":"https:\/\/www.actualidadadiario.com\/index.php\/wp-json\/wp\/v2\/media?parent=63778"}],"wp:term":[{"taxonomy":"category","embeddable":true,"href":"https:\/\/www.actualidadadiario.com\/index.php\/wp-json\/wp\/v2\/categories?post=63778"},{"taxonomy":"post_tag","embeddable":true,"href":"https:\/\/www.actualidadadiario.com\/index.php\/wp-json\/wp\/v2\/tags?post=63778"}],"curies":[{"name":"wp","href":"https:\/\/api.w.org\/{rel}","templated":true}]}}