{"id":63770,"date":"2020-07-03T12:21:34","date_gmt":"2020-07-03T15:21:34","guid":{"rendered":"https:\/\/www.actualidadadiario.com\/?p=63770"},"modified":"2020-07-03T12:21:34","modified_gmt":"2020-07-03T15:21:34","slug":"apartaron-al-juez-villena-de-la-causa-por-el-espionaje-ilegal","status":"publish","type":"post","link":"https:\/\/www.actualidadadiario.com\/index.php\/2020\/07\/03\/apartaron-al-juez-villena-de-la-causa-por-el-espionaje-ilegal\/","title":{"rendered":"Apartaron al juez Villena de la causa por el espionaje ilegal"},"content":{"rendered":"<p style=\"text-align: center;\"><em><strong>En la resoluci\u00f3n, el tribunal de apelaciones hizo lugar al planteo de varios abogados defensores, apart\u00f3 al juez del caso y resolvi\u00f3 que la causa en su totalidad pase al juzgado federal 2 de Lomas de Zamora, a cargo del juez Luis Auge<\/strong><\/em><\/p>\n<p>&nbsp;<\/p>\n<p>&nbsp;<\/p>\n<p>La C\u00e1mara Federal de La Plata apart\u00f3 hoy al juez federal de Lomas de Zamora, Federico Villena, de la causa que investiga el presunto espionaje ilegal a dirigentes pol\u00edticos, empresarios y gremiales durante la gesti\u00f3n de Mauricio Macri.<\/p>\n<p>En la resoluci\u00f3n, a la que accedi\u00f3 T\u00e9lam, el tribunal de apelaciones hizo lugar al planteo de varios abogados defensores, con lo cual apart\u00f3 al juez del caso y resolvi\u00f3 que el expediente pase en su totalidad al juzgado federal 2 de Lomas de Zamora, a cargo del juez Luis Auge.<\/p>\n<p>Se trata del magistrado que tiene a su cargo el expediente que investiga tambi\u00e9n presuntas actividades de espionaje ilegal sobre el Instituto Patria realizadas durante el gobierno de Cambiemos.<\/p>\n<p>Las recusaciones a Villena fueron presentadas por los abogados defensores de Facundo Melo, Leandro Araque y Jorge S\u00e1ez -ex agentes de la Agencia Federal de Inteligencia (AFI)-, quienes consideraron que el magistrado &#8220;ha evidenciado una notable falta de objetividad y buena fue procesal&#8221;.<\/p>\n<p>En la resoluci\u00f3n, el camarista Roberto Lemos Arias advirti\u00f3 que &#8220;existen circunstancias objetivas que permiten tener por razonablemente fundado el temor de parcialidad invocado por las partes recusantes&#8221;.<\/p>\n<p>En este sentido, se\u00f1al\u00f3 que esa situaci\u00f3n lo lleva a &#8220;decidir el apartamiento del juez Federico Villena para seguir interviniendo en la causa, por cuanto se encontrar\u00eda afectada la garant\u00eda de imparcialidad del juzgador&#8221;.<\/p>\n<p>Seg\u00fan los abogados de los ex esp\u00edas, sus defendidos expresaron &#8220;que poseen un temor fundado de parcialidad, ya que el juez Villena se habr\u00eda excedido en sus funciones&#8221;.<\/p>\n<p>En ese sentido, uno de los letrados expres\u00f3 que en uno de los audios que refiri\u00f3 en su presentaci\u00f3n &#8220;una persona que habr\u00eda prestado servicios en la Agencia Federal de Investigaciones mencion\u00f3 que el juez Villena libraba oficios judiciales para justificar la realizaci\u00f3n de tareas de inteligencia ilegales llevadas a cabo por personal de la citada agencia estatal&#8221;.<\/p>\n<p>Antes de que se dispusiera su apartamiento, Villena ten\u00eda previsto continuar hoy con las declaraciones indagatorias de los detenidos Javier Bustos, Dominique Lasaigues y Alan Ruiz, en la causa por presunto espionaje ilegal.<\/p>\n<p>Ruiz ya est\u00e1 preso en otra causa por supuesto espionaje al instituto Patria y su indagatoria estaba prevista para el lunes, pero su defensa hab\u00eda pedido adelantarla para hoy, seg\u00fan informaron fuentes judiciales.<\/p>\n<p>Por otra parte, la detenida ex coordinadora de Documentaci\u00f3n Presidencial Susana Martinengo fue indagada anoche entre las 22 y casi las 2 de la madrugada de hoy.<\/p>\n<p>Martinengo est\u00e1 se\u00f1alada como quien recib\u00eda en Casa Rosada parte de los informes producidos por los esp\u00edas agrupados en un grupo de whatsapp denominado &#8220;SuperMarioBross&#8221;, y hab\u00eda pedido prisi\u00f3n domiciliaria por su edad y condici\u00f3n de riesgo ante la pandemia de coronavirus.<\/p>\n","protected":false},"excerpt":{"rendered":"<p>En la resoluci\u00f3n, el tribunal de apelaciones hizo lugar al planteo de varios abogados defensores, apart\u00f3 al juez del caso y resolvi\u00f3 que la causa en su totalidad pase al juzgado federal 2 de Lomas de Zamora, a cargo del juez Luis Auge &nbsp; &nbsp; La C\u00e1mara Federal de La Plata apart\u00f3 hoy al juez federal de Lomas de Zamora, Federico Villena, de la causa que investiga el presunto espionaje ilegal a dirigentes pol\u00edticos, empresarios y gremiales durante la gesti\u00f3n de Mauricio Macri. En la resoluci\u00f3n, a la que accedi\u00f3&#8230;<\/p>\n","protected":false},"author":3,"featured_media":63771,"comment_status":"closed","ping_status":"closed","sticky":false,"template":"","format":"standard","meta":[],"categories":[18],"tags":[],"_links":{"self":[{"href":"https:\/\/www.actualidadadiario.com\/index.php\/wp-json\/wp\/v2\/posts\/63770"}],"collection":[{"href":"https:\/\/www.actualidadadiario.com\/index.php\/wp-json\/wp\/v2\/posts"}],"about":[{"href":"https:\/\/www.actualidadadiario.com\/index.php\/wp-json\/wp\/v2\/types\/post"}],"author":[{"embeddable":true,"href":"https:\/\/www.actualidadadiario.com\/index.php\/wp-json\/wp\/v2\/users\/3"}],"replies":[{"embeddable":true,"href":"https:\/\/www.actualidadadiario.com\/index.php\/wp-json\/wp\/v2\/comments?post=63770"}],"version-history":[{"count":1,"href":"https:\/\/www.actualidadadiario.com\/index.php\/wp-json\/wp\/v2\/posts\/63770\/revisions"}],"predecessor-version":[{"id":63772,"href":"https:\/\/www.actualidadadiario.com\/index.php\/wp-json\/wp\/v2\/posts\/63770\/revisions\/63772"}],"wp:featuredmedia":[{"embeddable":true,"href":"https:\/\/www.actualidadadiario.com\/index.php\/wp-json\/wp\/v2\/media\/63771"}],"wp:attachment":[{"href":"https:\/\/www.actualidadadiario.com\/index.php\/wp-json\/wp\/v2\/media?parent=63770"}],"wp:term":[{"taxonomy":"category","embeddable":true,"href":"https:\/\/www.actualidadadiario.com\/index.php\/wp-json\/wp\/v2\/categories?post=63770"},{"taxonomy":"post_tag","embeddable":true,"href":"https:\/\/www.actualidadadiario.com\/index.php\/wp-json\/wp\/v2\/tags?post=63770"}],"curies":[{"name":"wp","href":"https:\/\/api.w.org\/{rel}","templated":true}]}}