{"id":63768,"date":"2020-07-03T12:20:48","date_gmt":"2020-07-03T15:20:48","guid":{"rendered":"https:\/\/www.actualidadadiario.com\/?p=63768"},"modified":"2020-07-03T12:20:48","modified_gmt":"2020-07-03T15:20:48","slug":"cafiero-completa-consultas-por-el-presupuesto-con-katopodis-gines-y-bielsa","status":"publish","type":"post","link":"https:\/\/www.actualidadadiario.com\/index.php\/2020\/07\/03\/cafiero-completa-consultas-por-el-presupuesto-con-katopodis-gines-y-bielsa\/","title":{"rendered":"Cafiero completa consultas por el Presupuesto con Katopodis, Gin\u00e9s y Bielsa"},"content":{"rendered":"<p style=\"text-align: center;\"><em><strong>La primera reuni\u00f3n ser\u00e1 a las 17, con Katopodis y, luego, est\u00e1n pautados encuentros con Gin\u00e9s Gonz\u00e1lez Garc\u00eda y Mar\u00eda Eugenia Bielsa, todos de una hora y en ese orden<\/strong><\/em><\/p>\n<p>&nbsp;<\/p>\n<p>&nbsp;<\/p>\n<p>El jefe de Gabinete, Santiago Cafiero, completar\u00e1 hoy la ronda semanal de reuniones para el dise\u00f1o del proyecto de Presupuesto 2021 con los ministros de Obras P\u00fablicas, Gabriel Katopodis; de Salud, Gin\u00e9s Gonz\u00e1lez Garc\u00eda; y de Desarrollo Territorial y H\u00e1bitat, Mar\u00eda Eugenia Bielsa.<\/p>\n<p>La primera reuni\u00f3n ser\u00e1 a las 17, con Katopodis y, luego, est\u00e1n pautados encuentros con Gin\u00e9s Gonz\u00e1lez Garc\u00eda y Mar\u00eda Eugenia Bielsa, todos de una hora y en ese orden, informaron fuentes oficiales.<\/p>\n<p>Cafiero, junto al ministro Guzm\u00e1n, encar\u00f3 el martes \u00faltimo la elaboraci\u00f3n del proyecto de Presupuesto para 2021, en esta ocasi\u00f3n con la particularidad de que la labor transcurre en el marco de la pandemia por coronavirus, que afect\u00f3 la econom\u00eda.<\/p>\n<p>Como es de rigor, el presupuesto debe ser remitido al Congreso a m\u00e1s tardar el 15 de septiembre para el inicio de su tratamiento.<\/p>\n<p>Para la confecci\u00f3n de esa herramienta de gobierno, Cafiero integr\u00f3 un equipo con la vicejefa de Gabinete, Cecilia Todesca; el ministro de Econom\u00eda, Mart\u00edn Guzm\u00e1n; y el secretario de Hacienda, Ra\u00fal Rigo.<\/p>\n<p>El dise\u00f1o del c\u00e1lculo de gastos y recursos para el a\u00f1o pr\u00f3ximo, el primero que el presidente Alberto Fern\u00e1ndez remitir\u00e1 al Congreso, se inici\u00f3 el martes \u00faltimo con reuniones de los ministros de Transporte, Mario Meoni; y de Trabajo, Claudio Moroni.<\/p>\n<p>El mi\u00e9rcoles fue el turno de los titulares de la cartera de Desarrollo Social, Daniel Arroyo; y de Educaci\u00f3n, Nicol\u00e1s Trotta.<\/p>\n<p>Ayer, en tanto, el jefe de Gabinete convoc\u00f3 a Fernanda Raverta, titular de la Anses, y a Mat\u00edas Kulfas, ministro de Desarrollo Productivo.<\/p>\n<p>De acuerdo con las normas legales, Cafiero envi\u00f3 el lunes pasado al Congreso la nota oficial, de acuerdo con lo establecido por la Ley 24.629, con el Informe de Avance sobre la Elaboraci\u00f3n del Proyecto de Ley de Presupuesto General de la Administraci\u00f3n Nacional correspondiente al Ejercicio Fiscal 2021.<\/p>\n","protected":false},"excerpt":{"rendered":"<p>La primera reuni\u00f3n ser\u00e1 a las 17, con Katopodis y, luego, est\u00e1n pautados encuentros con Gin\u00e9s Gonz\u00e1lez Garc\u00eda y Mar\u00eda Eugenia Bielsa, todos de una hora y en ese orden &nbsp; &nbsp; El jefe de Gabinete, Santiago Cafiero, completar\u00e1 hoy la ronda semanal de reuniones para el dise\u00f1o del proyecto de Presupuesto 2021 con los ministros de Obras P\u00fablicas, Gabriel Katopodis; de Salud, Gin\u00e9s Gonz\u00e1lez Garc\u00eda; y de Desarrollo Territorial y H\u00e1bitat, Mar\u00eda Eugenia Bielsa. La primera reuni\u00f3n ser\u00e1 a las 17, con Katopodis y, luego, est\u00e1n pautados encuentros con&#8230;<\/p>\n","protected":false},"author":3,"featured_media":62290,"comment_status":"closed","ping_status":"closed","sticky":false,"template":"","format":"standard","meta":[],"categories":[18],"tags":[],"_links":{"self":[{"href":"https:\/\/www.actualidadadiario.com\/index.php\/wp-json\/wp\/v2\/posts\/63768"}],"collection":[{"href":"https:\/\/www.actualidadadiario.com\/index.php\/wp-json\/wp\/v2\/posts"}],"about":[{"href":"https:\/\/www.actualidadadiario.com\/index.php\/wp-json\/wp\/v2\/types\/post"}],"author":[{"embeddable":true,"href":"https:\/\/www.actualidadadiario.com\/index.php\/wp-json\/wp\/v2\/users\/3"}],"replies":[{"embeddable":true,"href":"https:\/\/www.actualidadadiario.com\/index.php\/wp-json\/wp\/v2\/comments?post=63768"}],"version-history":[{"count":1,"href":"https:\/\/www.actualidadadiario.com\/index.php\/wp-json\/wp\/v2\/posts\/63768\/revisions"}],"predecessor-version":[{"id":63769,"href":"https:\/\/www.actualidadadiario.com\/index.php\/wp-json\/wp\/v2\/posts\/63768\/revisions\/63769"}],"wp:featuredmedia":[{"embeddable":true,"href":"https:\/\/www.actualidadadiario.com\/index.php\/wp-json\/wp\/v2\/media\/62290"}],"wp:attachment":[{"href":"https:\/\/www.actualidadadiario.com\/index.php\/wp-json\/wp\/v2\/media?parent=63768"}],"wp:term":[{"taxonomy":"category","embeddable":true,"href":"https:\/\/www.actualidadadiario.com\/index.php\/wp-json\/wp\/v2\/categories?post=63768"},{"taxonomy":"post_tag","embeddable":true,"href":"https:\/\/www.actualidadadiario.com\/index.php\/wp-json\/wp\/v2\/tags?post=63768"}],"curies":[{"name":"wp","href":"https:\/\/api.w.org\/{rel}","templated":true}]}}