{"id":63765,"date":"2020-07-03T12:20:05","date_gmt":"2020-07-03T15:20:05","guid":{"rendered":"https:\/\/www.actualidadadiario.com\/?p=63765"},"modified":"2020-07-03T12:20:05","modified_gmt":"2020-07-03T15:20:05","slug":"el-presidente-presenta-el-plan-nacional-contra-las-violencias-por-motivo-de-genero","status":"publish","type":"post","link":"https:\/\/www.actualidadadiario.com\/index.php\/2020\/07\/03\/el-presidente-presenta-el-plan-nacional-contra-las-violencias-por-motivo-de-genero\/","title":{"rendered":"El Presidente presenta el Plan Nacional contra las Violencias por motivo de g\u00e9nero"},"content":{"rendered":"<p style=\"text-align: center;\"><em><strong>El anuncio ser\u00e1 a las 11.30 en forma virtual, por videoconferencia desde la residencia de Olivos, acompa\u00f1ado por la ministra de las Mujeres, G\u00e9neros y Diversidad, Elizabeth G\u00f3mez Alcorta<\/strong><\/em><\/p>\n<p>&nbsp;<\/p>\n<p>&nbsp;<\/p>\n<p>El presidente Alberto Fern\u00e1ndez presentar\u00e1 hoy el Plan Nacional de Acci\u00f3n 2020-2022 contra las Violencias por motivo de G\u00e9nero, informaron a T\u00e9lam fuentes oficiales.<\/p>\n<p>Fern\u00e1ndez har\u00e1 el anuncio a las 11.30 en forma virtual, por videoconferencia desde la residencia de Olivos, acompa\u00f1ado por la ministra de las Mujeres, G\u00e9neros y Diversidad, Elizabeth G\u00f3mez Alcorta.<\/p>\n<p>Al anticipar d\u00edas atr\u00e1s la presentaci\u00f3n del plan, la ministra G\u00f3mez Alcorta afirm\u00f3 que &#8220;el desaf\u00edo es poder cambiar el paradigma de abordaje de las violencias por motivos de g\u00e9nero&#8221; y no solo a trav\u00e9s de su cartera sino desde todo el Poder Ejecutivo.<\/p>\n","protected":false},"excerpt":{"rendered":"<p>El anuncio ser\u00e1 a las 11.30 en forma virtual, por videoconferencia desde la residencia de Olivos, acompa\u00f1ado por la ministra de las Mujeres, G\u00e9neros y Diversidad, Elizabeth G\u00f3mez Alcorta &nbsp; &nbsp; El presidente Alberto Fern\u00e1ndez presentar\u00e1 hoy el Plan Nacional de Acci\u00f3n 2020-2022 contra las Violencias por motivo de G\u00e9nero, informaron a T\u00e9lam fuentes oficiales. Fern\u00e1ndez har\u00e1 el anuncio a las 11.30 en forma virtual, por videoconferencia desde la residencia de Olivos, acompa\u00f1ado por la ministra de las Mujeres, G\u00e9neros y Diversidad, Elizabeth G\u00f3mez Alcorta. Al anticipar d\u00edas atr\u00e1s la&#8230;<\/p>\n","protected":false},"author":3,"featured_media":63766,"comment_status":"closed","ping_status":"closed","sticky":false,"template":"","format":"standard","meta":[],"categories":[18],"tags":[],"_links":{"self":[{"href":"https:\/\/www.actualidadadiario.com\/index.php\/wp-json\/wp\/v2\/posts\/63765"}],"collection":[{"href":"https:\/\/www.actualidadadiario.com\/index.php\/wp-json\/wp\/v2\/posts"}],"about":[{"href":"https:\/\/www.actualidadadiario.com\/index.php\/wp-json\/wp\/v2\/types\/post"}],"author":[{"embeddable":true,"href":"https:\/\/www.actualidadadiario.com\/index.php\/wp-json\/wp\/v2\/users\/3"}],"replies":[{"embeddable":true,"href":"https:\/\/www.actualidadadiario.com\/index.php\/wp-json\/wp\/v2\/comments?post=63765"}],"version-history":[{"count":1,"href":"https:\/\/www.actualidadadiario.com\/index.php\/wp-json\/wp\/v2\/posts\/63765\/revisions"}],"predecessor-version":[{"id":63767,"href":"https:\/\/www.actualidadadiario.com\/index.php\/wp-json\/wp\/v2\/posts\/63765\/revisions\/63767"}],"wp:featuredmedia":[{"embeddable":true,"href":"https:\/\/www.actualidadadiario.com\/index.php\/wp-json\/wp\/v2\/media\/63766"}],"wp:attachment":[{"href":"https:\/\/www.actualidadadiario.com\/index.php\/wp-json\/wp\/v2\/media?parent=63765"}],"wp:term":[{"taxonomy":"category","embeddable":true,"href":"https:\/\/www.actualidadadiario.com\/index.php\/wp-json\/wp\/v2\/categories?post=63765"},{"taxonomy":"post_tag","embeddable":true,"href":"https:\/\/www.actualidadadiario.com\/index.php\/wp-json\/wp\/v2\/tags?post=63765"}],"curies":[{"name":"wp","href":"https:\/\/api.w.org\/{rel}","templated":true}]}}