{"id":63759,"date":"2020-07-03T12:17:52","date_gmt":"2020-07-03T15:17:52","guid":{"rendered":"https:\/\/www.actualidadadiario.com\/?p=63759"},"modified":"2020-07-03T12:17:52","modified_gmt":"2020-07-03T15:17:52","slug":"daniel-arroyo-la-asistencia-alimentaria-va-a-seguir-por-mucho-tiempo-en-argentina","status":"publish","type":"post","link":"https:\/\/www.actualidadadiario.com\/index.php\/2020\/07\/03\/daniel-arroyo-la-asistencia-alimentaria-va-a-seguir-por-mucho-tiempo-en-argentina\/","title":{"rendered":"Daniel Arroyo: \u201cLa asistencia alimentaria va a seguir por mucho tiempo en Argentina\u201d"},"content":{"rendered":"<p style=\"text-align: center;\"><em><strong>En el marco de una econom\u00eda que profundiza a diario su crisis a ra\u00edz de la pandemia mundial de coronavirus, las repercusiones contin\u00faan. Y es que la situaci\u00f3n lamentable se profundizar\u00e1 a medida que la cuarentena se extienda m\u00e1s y sea muy restrictiva. Por lo que el ministro de Desarrollo Social de la Naci\u00f3n, Daniel Arroyo, asegur\u00f3 que \u201cla asistencia alimentaria va a seguir durante mucho tiempo en la Argentina\u201d<\/strong><\/em><\/p>\n<p>&nbsp;<\/p>\n<p>En esa l\u00ednea, el funcionario nacional describi\u00f3 que \u201cantes de la pandemia ten\u00edamos 8 millones de personas que recib\u00edan la asistencia alimentaria y ahora son 11 millones\u201d. Por esta raz\u00f3n, indic\u00f3 que \u201cno es que cuando termine la cuarentena volvemos al n\u00famero anterior\u201d al que exist\u00eda antes de la llegada del coronavirus al pa\u00eds. Adem\u00e1s, aprovech\u00f3 para hacer una aclaraci\u00f3n al respecto.<\/p>\n<p>\u201cM\u00e1s all\u00e1 de que se abra la actividad econ\u00f3mica y salgamos de la cuesti\u00f3n restrictiva, la atenci\u00f3n social y el acompa\u00f1amiento en lo alimentario va a durar por mucho tiempo en Argentina\u201d, analiz\u00f3 Daniel Arroyo. Al tiempo que mientras que consider\u00f3 que la situaci\u00f3n \u201cen los barrios m\u00e1s humildes es cr\u00edtica\u201d. Pero, adem\u00e1s, habl\u00f3 de otra problem\u00e1tica que se profundiza con la llegada del invierno.<\/p>\n<p>Habl\u00f3 sobre las personas que est\u00e1 en situaci\u00f3n de calle y se\u00f1al\u00f3 que a la pandemia \u201chay que agregarle el problema del fr\u00edo\u201d que hace que la coyuntura se complejice m\u00e1s todav\u00eda. \u201cEstamos armando un esquema con iglesias y organizaciones para poder asistir a los que no tienen un techo\u201d, aclar\u00f3. Cabe recordar que el a\u00f1o pasado, instituciones deportivas abrieron las puertas de sus instalaciones para la gente sin techo.<\/p>\n<p>&nbsp;<\/p>\n<p><strong>\u00bfQu\u00e9 pasar\u00e1 con el IFE?<\/strong><\/p>\n<p>Por otra parte, desde la oposici\u00f3n, se pidi\u00f3 que la tercera vuelta del Ingreso Familiar de Emergencia (IFE), no se limite solo a quienes viven en lugares donde la cuarentena es m\u00e1s restrictiva. Tal es el caso del AMBA o de Chaco, por ejemplo. Incluso, desde C\u00f3rdoba, que tiene flexibilizadas muchas de sus actividades, el gobierno local advirti\u00f3 que la econom\u00eda tardar\u00e1 en reactivarse. Por lo que es necesario que el Gobierno nacional siga ayudando.<\/p>\n","protected":false},"excerpt":{"rendered":"<p>En el marco de una econom\u00eda que profundiza a diario su crisis a ra\u00edz de la pandemia mundial de coronavirus, las repercusiones contin\u00faan. Y es que la situaci\u00f3n lamentable se profundizar\u00e1 a medida que la cuarentena se extienda m\u00e1s y sea muy restrictiva. Por lo que el ministro de Desarrollo Social de la Naci\u00f3n, Daniel Arroyo, asegur\u00f3 que \u201cla asistencia alimentaria va a seguir durante mucho tiempo en la Argentina\u201d &nbsp; En esa l\u00ednea, el funcionario nacional describi\u00f3 que \u201cantes de la pandemia ten\u00edamos 8 millones de personas que recib\u00edan&#8230;<\/p>\n","protected":false},"author":3,"featured_media":60638,"comment_status":"closed","ping_status":"closed","sticky":false,"template":"","format":"standard","meta":[],"categories":[18],"tags":[],"_links":{"self":[{"href":"https:\/\/www.actualidadadiario.com\/index.php\/wp-json\/wp\/v2\/posts\/63759"}],"collection":[{"href":"https:\/\/www.actualidadadiario.com\/index.php\/wp-json\/wp\/v2\/posts"}],"about":[{"href":"https:\/\/www.actualidadadiario.com\/index.php\/wp-json\/wp\/v2\/types\/post"}],"author":[{"embeddable":true,"href":"https:\/\/www.actualidadadiario.com\/index.php\/wp-json\/wp\/v2\/users\/3"}],"replies":[{"embeddable":true,"href":"https:\/\/www.actualidadadiario.com\/index.php\/wp-json\/wp\/v2\/comments?post=63759"}],"version-history":[{"count":1,"href":"https:\/\/www.actualidadadiario.com\/index.php\/wp-json\/wp\/v2\/posts\/63759\/revisions"}],"predecessor-version":[{"id":63760,"href":"https:\/\/www.actualidadadiario.com\/index.php\/wp-json\/wp\/v2\/posts\/63759\/revisions\/63760"}],"wp:featuredmedia":[{"embeddable":true,"href":"https:\/\/www.actualidadadiario.com\/index.php\/wp-json\/wp\/v2\/media\/60638"}],"wp:attachment":[{"href":"https:\/\/www.actualidadadiario.com\/index.php\/wp-json\/wp\/v2\/media?parent=63759"}],"wp:term":[{"taxonomy":"category","embeddable":true,"href":"https:\/\/www.actualidadadiario.com\/index.php\/wp-json\/wp\/v2\/categories?post=63759"},{"taxonomy":"post_tag","embeddable":true,"href":"https:\/\/www.actualidadadiario.com\/index.php\/wp-json\/wp\/v2\/tags?post=63759"}],"curies":[{"name":"wp","href":"https:\/\/api.w.org\/{rel}","templated":true}]}}