{"id":63753,"date":"2020-07-03T12:15:58","date_gmt":"2020-07-03T15:15:58","guid":{"rendered":"https:\/\/www.actualidadadiario.com\/?p=63753"},"modified":"2020-07-03T12:15:58","modified_gmt":"2020-07-03T15:15:58","slug":"aprobaron-nuevo-reglamento-del-servicio-universal-para-reducir-la-brecha-digital","status":"publish","type":"post","link":"https:\/\/www.actualidadadiario.com\/index.php\/2020\/07\/03\/aprobaron-nuevo-reglamento-del-servicio-universal-para-reducir-la-brecha-digital\/","title":{"rendered":"Aprobaron nuevo reglamento del Servicio Universal para reducir la brecha digital"},"content":{"rendered":"<p style=\"text-align: center;\"><em><strong>El objetivo es priorizar la reducci\u00f3n de la brecha digital y posibilitar el acceso equitativo y de calidad a las TIC a todos los habitantes, con especial \u00e9nfasis en las zonas desatendidas<\/strong><\/em><\/p>\n<p>&nbsp;<\/p>\n<p>&nbsp;<\/p>\n<p>El Ente Nacional de Comunicaciones (Enacom) dict\u00f3 un nuevo reglamento general del Servicio Universal de las Tecnolog\u00edas de la Informaci\u00f3n y la Comunicaci\u00f3n, y aprob\u00f3 una serie de programas con una inversi\u00f3n de $ 3.800 millones.<\/p>\n<p>El objetivo es priorizar la reducci\u00f3n de la brecha digital y posibilitar el acceso equitativo y de calidad a las TIC a todos los habitantes, con especial \u00e9nfasis en las zonas desatendidas.<\/p>\n<p>As\u00ed lo hizo a trav\u00e9s de la Resoluci\u00f3n 721\/2020 publicada hoy en el Bolet\u00edn Oficial que adopt\u00f3 el nuevo reglamento, y de otras cuatro normativas que aprobaron diferentes programas destinados a mejorar el acceso a las TIC, para los cuales se destinar\u00e1n $ 3.800 millones del Fondo Fiduciario del Servicio Universal, al que las empresas de servicios TIC deber\u00e1n aportar el 1% de sus ingresos netos de impuestos.<\/p>\n<p>En tanto, la Resoluci\u00f3n 726\/2020 aprob\u00f3 el Programa para el Desarrollo de Infraestructura para Internet destinado a villas y asentamientos inscriptos en el Registro Nacional de Barrios Populares en proceso de integraci\u00f3n urbana (Renabap), al que se destinar\u00e1n $ 1.000 millones.<\/p>\n<p>A esas normas se suma adem\u00e1s la Resoluci\u00f3n 727\/2020, que autoriz\u00f3 el Programa de Servicios TIC a Poblaciones de Zonas Adversas y Desatendidas para el Despliegue de Redes, en el que se invertir\u00e1n $ 300 millones.<\/p>\n<p>La Resoluci\u00f3n 728\/2020 convalid\u00f3 el Programa de Despliegue de Redes de Acceso a Servicios de Comunicaciones M\u00f3viles, en el cual se desembolsar\u00e1n $ 500 millones.<\/p>\n<p>En tanto, la Resoluci\u00f3n 736\/2020 aprob\u00f3 el Programa de Acceso a Conectividad para Instituciones P\u00fablicas, con una inversi\u00f3n de $ 2.000 millones.<\/p>\n<p>El nuevo Reglamento estableci\u00f3 para las empresas licenciatarias un aporte de inversi\u00f3n al Fondo Fiduciario del Servicio Universal del 1% de los ingresos totales devengados por la prestaci\u00f3n de los Servicios de TIC, netos de los impuestos y tasas que los graven.<\/p>\n<p>Para todos los servicios brindados, el ingreso correspondiente se considerar\u00e1 devengado en el momento de la emisi\u00f3n de la factura o de la registraci\u00f3n de pago.<\/p>\n<p>Seg\u00fan lo establecido por el Enacom, las compa\u00f1\u00edas podr\u00e1n descontar parcialmente del aporte al Fondo hasta un 30%, que surja de la suma resultante de la rendici\u00f3n de inversiones computables realizadas en proyectos aprobados por el Enacom, destinados a desarrollar infraestructura de conectividad que propicie el acceso al Servicio Universal.<\/p>\n<p>Los proyectos deber\u00e1n promover soluciones para alcanzar los objetivos del Servicio Universal a trav\u00e9s del desarrollo de infraestructura; conllevar un monto m\u00ednimo de inversi\u00f3n equivalente a 100 salarios m\u00ednimos; y tener un diagn\u00f3stico que refleje la situaci\u00f3n inicial de conectividad y acceso a servicios TIC y el objetivo, detallando su alcance e impacto.<\/p>\n<p>Todos los proyectos deber\u00e1n tener un tiempo m\u00e1ximo de ejecuci\u00f3n de 36 meses, y no podr\u00e1n tener por objeto el despliegue de infraestructura para la prestaci\u00f3n del servicio b\u00e1sico telef\u00f3nico o servicios de comunicaciones m\u00f3viles.<\/p>\n","protected":false},"excerpt":{"rendered":"<p>El objetivo es priorizar la reducci\u00f3n de la brecha digital y posibilitar el acceso equitativo y de calidad a las TIC a todos los habitantes, con especial \u00e9nfasis en las zonas desatendidas &nbsp; &nbsp; El Ente Nacional de Comunicaciones (Enacom) dict\u00f3 un nuevo reglamento general del Servicio Universal de las Tecnolog\u00edas de la Informaci\u00f3n y la Comunicaci\u00f3n, y aprob\u00f3 una serie de programas con una inversi\u00f3n de $ 3.800 millones. El objetivo es priorizar la reducci\u00f3n de la brecha digital y posibilitar el acceso equitativo y de calidad a las&#8230;<\/p>\n","protected":false},"author":3,"featured_media":63754,"comment_status":"closed","ping_status":"closed","sticky":false,"template":"","format":"standard","meta":[],"categories":[2],"tags":[],"_links":{"self":[{"href":"https:\/\/www.actualidadadiario.com\/index.php\/wp-json\/wp\/v2\/posts\/63753"}],"collection":[{"href":"https:\/\/www.actualidadadiario.com\/index.php\/wp-json\/wp\/v2\/posts"}],"about":[{"href":"https:\/\/www.actualidadadiario.com\/index.php\/wp-json\/wp\/v2\/types\/post"}],"author":[{"embeddable":true,"href":"https:\/\/www.actualidadadiario.com\/index.php\/wp-json\/wp\/v2\/users\/3"}],"replies":[{"embeddable":true,"href":"https:\/\/www.actualidadadiario.com\/index.php\/wp-json\/wp\/v2\/comments?post=63753"}],"version-history":[{"count":1,"href":"https:\/\/www.actualidadadiario.com\/index.php\/wp-json\/wp\/v2\/posts\/63753\/revisions"}],"predecessor-version":[{"id":63755,"href":"https:\/\/www.actualidadadiario.com\/index.php\/wp-json\/wp\/v2\/posts\/63753\/revisions\/63755"}],"wp:featuredmedia":[{"embeddable":true,"href":"https:\/\/www.actualidadadiario.com\/index.php\/wp-json\/wp\/v2\/media\/63754"}],"wp:attachment":[{"href":"https:\/\/www.actualidadadiario.com\/index.php\/wp-json\/wp\/v2\/media?parent=63753"}],"wp:term":[{"taxonomy":"category","embeddable":true,"href":"https:\/\/www.actualidadadiario.com\/index.php\/wp-json\/wp\/v2\/categories?post=63753"},{"taxonomy":"post_tag","embeddable":true,"href":"https:\/\/www.actualidadadiario.com\/index.php\/wp-json\/wp\/v2\/tags?post=63753"}],"curies":[{"name":"wp","href":"https:\/\/api.w.org\/{rel}","templated":true}]}}