{"id":63741,"date":"2020-07-03T12:12:53","date_gmt":"2020-07-03T15:12:53","guid":{"rendered":"https:\/\/www.actualidadadiario.com\/?p=63741"},"modified":"2020-07-03T12:12:53","modified_gmt":"2020-07-03T15:12:53","slug":"hallan-un-centro-clandestino-de-detencion-de-la-dictadura-en-floresta","status":"publish","type":"post","link":"https:\/\/www.actualidadadiario.com\/index.php\/2020\/07\/03\/hallan-un-centro-clandestino-de-detencion-de-la-dictadura-en-floresta\/","title":{"rendered":"Hallan un centro clandestino de detenci\u00f3n de la dictadura en Floresta"},"content":{"rendered":"<p style=\"text-align: center;\"><em><strong>Se trata de una casa de familia ubicada en Bacacay 3750, en la misma manzana donde oper\u00f3 &#8220;Automotores Orletti&#8221;. Hab\u00eda sido propiedad de la SIDE hasta 1977<\/strong><\/em><\/p>\n<p>&nbsp;<\/p>\n<p>&nbsp;<\/p>\n<p>El juez federal Daniel Rafecas revel\u00f3 este jueves que identific\u00f3 un inmueble en el barrio porte\u00f1o de Floresta que funcion\u00f3 como centro clandestino de detenci\u00f3n ilegal durante la \u00faltima dictadura, hecho que el magistrado calific\u00f3 como un &#8220;descubrimiento muy importante&#8221;.<\/p>\n<p>La vivienda es actualmente una casa de familia y est\u00e1 ubicada Bacacay 3570, en la misma manzana en la que funcion\u00f3 el centro clandestino de detenci\u00f3n &#8220;Automotores Orletti&#8221;, informaron a T\u00e9lam fuentes judiciales.<\/p>\n<p>Rafecas dispuso la &#8220;prohibici\u00f3n de innovar&#8221; para que el inmueble no sufra alteraciones, adem\u00e1s de ordenar un registro f\u00edlmico y fotogr\u00e1fico del peque\u00f1o s\u00f3tano, en el cual habr\u00edan sido alojados secuestrados, seg\u00fan testimonios brindados en la causa penal.<\/p>\n<p>En di\u00e1logo con AM 750, el juez consider\u00f3 como &#8220;un descubrimiento muy importante&#8221; el hallazgo del edificio, que forma parte de la megacausa que se sigue por los cr\u00edmenes de lesa humanidad que se cometieron en el \u00e1mbito del Primer Cuerpo de Ej\u00e9rcito.<\/p>\n<p>&#8220;Hicimos un descubrimiento importante para avanzar en las investigaciones. Ven\u00edamos con muchos testimonios que nos indicaban que existi\u00f3 un centro clandestino de detenci\u00f3n que depend\u00eda de la SIDE y que estaba muy cerca de Automotores Orletti, otro lugar de reclusi\u00f3n por el cual hubo un juicio que termin\u00f3 con m\u00e1s de doce condenados. Pero hasta el momento no pod\u00edamos descubrir d\u00f3nde se encontraba&#8221;, sostuvo.<\/p>\n<p>Rafecas, nominado por el Poder Ejecutivo a ocupar el cargo de Procurador General de la Naci\u00f3n, tiene como juez federal hace 15 a\u00f1os la instrucci\u00f3n de la causa del Primer Cuerpo de Ej\u00e9rcito, en la que se investigan delitos de lesa humanidad cometidos mayormente en el \u00e1rea de Ciudad y el Conurbano.<\/p>\n<p>El magistrado detall\u00f3 que lograron identificar el inmueble &#8220;gracias a un trabajo en conjunto con el equipo argentino de Antropolog\u00eda Forense y testimonios de las v\u00edctimas del terrorismo de Estado logramos ubicar ese lugar que era una vivienda con s\u00f3tano en la calle Bacacay, en el barrio de Floresta&#8221;.<\/p>\n<p>El centro clandestino habr\u00eda funcionado con anterioridad o en simult\u00e1neo a &#8220;Orletti&#8221; y su existencia se supo por testimonios de sobrevivientes que hasta el momento no hab\u00edan podido precisar su ubicaci\u00f3n exacta.<\/p>\n<p>Pero el juzgado recibi\u00f3 documentos desclasificados por EEUU sobre la dictadura en Argentina y all\u00ed se hizo menci\u00f3n precisa al domicilio ahora identificado. Los testimonios en la causa indican que las v\u00edctimas &#8220;eran introducidas encapuchadas, alojadas en habitaciones precarias o en el peque\u00f1o s\u00f3tano de la propiedad, y sometidas a torturas con picana en una habitaci\u00f3n acondicionada para ello&#8221;, explicaron fuentes del caso.<\/p>\n<p>Adem\u00e1s, &#8220;no se descarta que este sitio haya servido tambi\u00e9n para las operaciones del llamado &#8220;Plan C\u00f3ndor&#8221;, no s\u00f3lo por su vinculaci\u00f3n con &#8220;Automotores Orletti&#8221; sino porque el relato de una de las v\u00edctimas da cuenta de que all\u00ed se alojaban detenidos uruguayos&#8221;, se agreg\u00f3.<\/p>\n<p>En la causa hay declaraciones de dos v\u00edctimas, concretadas en forma remota durante el per\u00edodo de aislamiento social preventivo y obligatorio por el coronavirus, que describieron el inmueble de manera coincidente.<\/p>\n<p>Adem\u00e1s los compradores de la casa en 1977 fueron ubicados y declararon en el juzgado que cuando ingresaron a la propiedad &#8220;encontraron en el s\u00f3tano unos zapatos de mujer sucios y de color rosa viejo y tambi\u00e9n zapatos de hombre&#8221;.<\/p>\n","protected":false},"excerpt":{"rendered":"<p>Se trata de una casa de familia ubicada en Bacacay 3750, en la misma manzana donde oper\u00f3 &#8220;Automotores Orletti&#8221;. Hab\u00eda sido propiedad de la SIDE hasta 1977 &nbsp; &nbsp; El juez federal Daniel Rafecas revel\u00f3 este jueves que identific\u00f3 un inmueble en el barrio porte\u00f1o de Floresta que funcion\u00f3 como centro clandestino de detenci\u00f3n ilegal durante la \u00faltima dictadura, hecho que el magistrado calific\u00f3 como un &#8220;descubrimiento muy importante&#8221;. La vivienda es actualmente una casa de familia y est\u00e1 ubicada Bacacay 3570, en la misma manzana en la que funcion\u00f3&#8230;<\/p>\n","protected":false},"author":3,"featured_media":63742,"comment_status":"closed","ping_status":"closed","sticky":false,"template":"","format":"standard","meta":[],"categories":[2],"tags":[],"_links":{"self":[{"href":"https:\/\/www.actualidadadiario.com\/index.php\/wp-json\/wp\/v2\/posts\/63741"}],"collection":[{"href":"https:\/\/www.actualidadadiario.com\/index.php\/wp-json\/wp\/v2\/posts"}],"about":[{"href":"https:\/\/www.actualidadadiario.com\/index.php\/wp-json\/wp\/v2\/types\/post"}],"author":[{"embeddable":true,"href":"https:\/\/www.actualidadadiario.com\/index.php\/wp-json\/wp\/v2\/users\/3"}],"replies":[{"embeddable":true,"href":"https:\/\/www.actualidadadiario.com\/index.php\/wp-json\/wp\/v2\/comments?post=63741"}],"version-history":[{"count":1,"href":"https:\/\/www.actualidadadiario.com\/index.php\/wp-json\/wp\/v2\/posts\/63741\/revisions"}],"predecessor-version":[{"id":63743,"href":"https:\/\/www.actualidadadiario.com\/index.php\/wp-json\/wp\/v2\/posts\/63741\/revisions\/63743"}],"wp:featuredmedia":[{"embeddable":true,"href":"https:\/\/www.actualidadadiario.com\/index.php\/wp-json\/wp\/v2\/media\/63742"}],"wp:attachment":[{"href":"https:\/\/www.actualidadadiario.com\/index.php\/wp-json\/wp\/v2\/media?parent=63741"}],"wp:term":[{"taxonomy":"category","embeddable":true,"href":"https:\/\/www.actualidadadiario.com\/index.php\/wp-json\/wp\/v2\/categories?post=63741"},{"taxonomy":"post_tag","embeddable":true,"href":"https:\/\/www.actualidadadiario.com\/index.php\/wp-json\/wp\/v2\/tags?post=63741"}],"curies":[{"name":"wp","href":"https:\/\/api.w.org\/{rel}","templated":true}]}}