{"id":63738,"date":"2020-07-03T12:12:10","date_gmt":"2020-07-03T15:12:10","guid":{"rendered":"https:\/\/www.actualidadadiario.com\/?p=63738"},"modified":"2020-07-03T12:12:10","modified_gmt":"2020-07-03T15:12:10","slug":"aprueban-el-protocolo-para-el-regreso-a-clases-pero-sin-fecha-definida","status":"publish","type":"post","link":"https:\/\/www.actualidadadiario.com\/index.php\/2020\/07\/03\/aprueban-el-protocolo-para-el-regreso-a-clases-pero-sin-fecha-definida\/","title":{"rendered":"Aprueban el protocolo para el regreso a clases, pero sin fecha definida"},"content":{"rendered":"<p style=\"text-align: center;\"><em><strong>El Consejo Federal de Educaci\u00f3n (CFE) aprob\u00f3 ayer de manera un\u00e1nime el protocolo para el retorno a clases presenciales en la educaci\u00f3n obligatoria y terciaria<\/strong><\/em><\/p>\n<p>&nbsp;<\/p>\n<p>El documento constituye un piso m\u00ednimo de requerimientos para la apertura de instituciones educativas, a partir de los cuales cada jurisdicci\u00f3n podr\u00e1 agregar criterios adicionales y adecuarlos a la realidad local. Esas pautas b\u00e1sicas para el redise\u00f1o de la dimensi\u00f3n f\u00edsica y de los flujos del movimiento dentro de la escuela se basan en el distanciamiento f\u00edsico, el tiempo de exposici\u00f3n, la din\u00e1mica del aire y la higiene personal.<\/p>\n<p>La reanudaci\u00f3n de las clases presenciales en el pa\u00eds se realizar\u00e1 a trav\u00e9s de un escalonamiento progresivo, de acuerdo con criterios epidemiol\u00f3gicos de evoluci\u00f3n de la pandemia. Encabezada por el ministro de Educaci\u00f3n de la Naci\u00f3n, Nicol\u00e1s Trotta, la reuni\u00f3n virtual del Consejo cont\u00f3 con la participaci\u00f3n de ministras y ministros del \u00e1rea de las 24 jurisdicciones.<\/p>\n<p>&#8220;La realidad de la circulaci\u00f3n del Covid-19 en el pa\u00eds es muy diversa, por eso sostenemos la importancia de la construcci\u00f3n de consensos ayudando a derribar los temores que pueden tener nuestras familias, docentes y estudiantes&#8221;, dijo Trotta.<\/p>\n<p>Este jueves el Consejo Federal de la Educaci\u00f3n (CFE) aprob\u00f3 por unanimidad los protocolos m\u00ednimos y obligatorios para la vuelta progresiva a clases presenciales. Se trata de los niveles primarios, secundarios y estudios superiores. Ser\u00e1 con las medidas y cuidados sanitarios correspondientes.<\/p>\n<p>&nbsp;<\/p>\n<p><strong>Punto por punto, protocolo sanitario <\/strong><\/p>\n<ul>\n<li>Vuelta progresiva: el eje del documento que se firm\u00f3 est\u00e1 puesta en disminuir la aglomeraci\u00f3n de todo el alumnado en el aula.<\/li>\n<li>Distanciamiento social de 1,5 a 2 metros entre los estudiantes y los docentes, tal como sugiere la Organizaci\u00f3n Mundial de Salud (OMS). Las aulas se adecuar\u00e1n correctamente para que los ni\u00f1os y adolescentes tambi\u00e9n respeten el distanciamiento entre s\u00ed dentro del aula.<\/li>\n<li>Horario de asistencia reducido, no todos los alumnos van a ir a clases el mismo d\u00eda.<\/li>\n<li>Ingresos de manera escalonada para bajar la circulaci\u00f3n de personas en el establecimiento.<\/li>\n<li>Obligatoriedad del uso de tapaboca<\/li>\n<li>Los recreos se har\u00e1n por horario para que cada curso disfrute de ese momento por separado.<\/li>\n<li>Deber\u00e1 estar garantizada tambi\u00e9n la higiene tanto individual como de los espacios comunes.<\/li>\n<\/ul>\n<p>Si bien no hay una fecha concreta, la regi\u00f3n del AMBA ser\u00e1 la \u00faltima en retornar a la escuela de manera presencial, debido a la cantidad de casos diarios que se est\u00e1n registrando.<\/p>\n","protected":false},"excerpt":{"rendered":"<p>El Consejo Federal de Educaci\u00f3n (CFE) aprob\u00f3 ayer de manera un\u00e1nime el protocolo para el retorno a clases presenciales en la educaci\u00f3n obligatoria y terciaria &nbsp; El documento constituye un piso m\u00ednimo de requerimientos para la apertura de instituciones educativas, a partir de los cuales cada jurisdicci\u00f3n podr\u00e1 agregar criterios adicionales y adecuarlos a la realidad local. Esas pautas b\u00e1sicas para el redise\u00f1o de la dimensi\u00f3n f\u00edsica y de los flujos del movimiento dentro de la escuela se basan en el distanciamiento f\u00edsico, el tiempo de exposici\u00f3n, la din\u00e1mica del&#8230;<\/p>\n","protected":false},"author":3,"featured_media":63739,"comment_status":"closed","ping_status":"closed","sticky":false,"template":"","format":"standard","meta":[],"categories":[9],"tags":[],"_links":{"self":[{"href":"https:\/\/www.actualidadadiario.com\/index.php\/wp-json\/wp\/v2\/posts\/63738"}],"collection":[{"href":"https:\/\/www.actualidadadiario.com\/index.php\/wp-json\/wp\/v2\/posts"}],"about":[{"href":"https:\/\/www.actualidadadiario.com\/index.php\/wp-json\/wp\/v2\/types\/post"}],"author":[{"embeddable":true,"href":"https:\/\/www.actualidadadiario.com\/index.php\/wp-json\/wp\/v2\/users\/3"}],"replies":[{"embeddable":true,"href":"https:\/\/www.actualidadadiario.com\/index.php\/wp-json\/wp\/v2\/comments?post=63738"}],"version-history":[{"count":1,"href":"https:\/\/www.actualidadadiario.com\/index.php\/wp-json\/wp\/v2\/posts\/63738\/revisions"}],"predecessor-version":[{"id":63740,"href":"https:\/\/www.actualidadadiario.com\/index.php\/wp-json\/wp\/v2\/posts\/63738\/revisions\/63740"}],"wp:featuredmedia":[{"embeddable":true,"href":"https:\/\/www.actualidadadiario.com\/index.php\/wp-json\/wp\/v2\/media\/63739"}],"wp:attachment":[{"href":"https:\/\/www.actualidadadiario.com\/index.php\/wp-json\/wp\/v2\/media?parent=63738"}],"wp:term":[{"taxonomy":"category","embeddable":true,"href":"https:\/\/www.actualidadadiario.com\/index.php\/wp-json\/wp\/v2\/categories?post=63738"},{"taxonomy":"post_tag","embeddable":true,"href":"https:\/\/www.actualidadadiario.com\/index.php\/wp-json\/wp\/v2\/tags?post=63738"}],"curies":[{"name":"wp","href":"https:\/\/api.w.org\/{rel}","templated":true}]}}