{"id":63736,"date":"2020-07-03T12:10:48","date_gmt":"2020-07-03T15:10:48","guid":{"rendered":"https:\/\/www.actualidadadiario.com\/?p=63736"},"modified":"2020-07-03T12:10:48","modified_gmt":"2020-07-03T15:10:48","slug":"santa-ana-alcanza-los-60-positivos-y-parana-supera-los-120","status":"publish","type":"post","link":"https:\/\/www.actualidadadiario.com\/index.php\/2020\/07\/03\/santa-ana-alcanza-los-60-positivos-y-parana-supera-los-120\/","title":{"rendered":"Santa Ana alcanza los 60 positivos y Paran\u00e1 supera los 120"},"content":{"rendered":"<p style=\"text-align: center;\"><em><strong>Este viernes en Entre R\u00edos se registraron 10 nuevos casos de coronavirus, report\u00f3 a El Entre R\u00edos el \u00e1rea de Vigilancia Epidemiol\u00f3gica del Ministerio de Salud<\/strong><\/em><\/p>\n<p>&nbsp;<\/p>\n<p>Los primeros nueve corresponden a la ciudad de Paran\u00e1 y se trata de personas relacionadas con casos ya confirmados. El Departamento Paran\u00e1 acumula 127 positivos hasta la fecha.<\/p>\n<p>El \u00faltimo caso, en tanto, fue detectado en la localidad de Santa Ana (departamento Federaci\u00f3n), trat\u00e1ndose de un contacto estrecho de paciente con Covid-19 positivo. En esa peque\u00f1a localidad se suman hasta este viernes un total exacto de 60 positivos.<\/p>\n<p>De ese modo, en la provincia son 320 los casos confirmados, cierra el comunicado remitido por la Subsecretar\u00eda de Prensa y Pol\u00edticas de Comunicaci\u00f3n del Ministerio de Salud de Entre R\u00edos.<\/p>\n","protected":false},"excerpt":{"rendered":"<p>Este viernes en Entre R\u00edos se registraron 10 nuevos casos de coronavirus, report\u00f3 a El Entre R\u00edos el \u00e1rea de Vigilancia Epidemiol\u00f3gica del Ministerio de Salud &nbsp; Los primeros nueve corresponden a la ciudad de Paran\u00e1 y se trata de personas relacionadas con casos ya confirmados. El Departamento Paran\u00e1 acumula 127 positivos hasta la fecha. El \u00faltimo caso, en tanto, fue detectado en la localidad de Santa Ana (departamento Federaci\u00f3n), trat\u00e1ndose de un contacto estrecho de paciente con Covid-19 positivo. En esa peque\u00f1a localidad se suman hasta este viernes un&#8230;<\/p>\n","protected":false},"author":3,"featured_media":63504,"comment_status":"closed","ping_status":"closed","sticky":false,"template":"","format":"standard","meta":[],"categories":[15],"tags":[],"_links":{"self":[{"href":"https:\/\/www.actualidadadiario.com\/index.php\/wp-json\/wp\/v2\/posts\/63736"}],"collection":[{"href":"https:\/\/www.actualidadadiario.com\/index.php\/wp-json\/wp\/v2\/posts"}],"about":[{"href":"https:\/\/www.actualidadadiario.com\/index.php\/wp-json\/wp\/v2\/types\/post"}],"author":[{"embeddable":true,"href":"https:\/\/www.actualidadadiario.com\/index.php\/wp-json\/wp\/v2\/users\/3"}],"replies":[{"embeddable":true,"href":"https:\/\/www.actualidadadiario.com\/index.php\/wp-json\/wp\/v2\/comments?post=63736"}],"version-history":[{"count":1,"href":"https:\/\/www.actualidadadiario.com\/index.php\/wp-json\/wp\/v2\/posts\/63736\/revisions"}],"predecessor-version":[{"id":63737,"href":"https:\/\/www.actualidadadiario.com\/index.php\/wp-json\/wp\/v2\/posts\/63736\/revisions\/63737"}],"wp:featuredmedia":[{"embeddable":true,"href":"https:\/\/www.actualidadadiario.com\/index.php\/wp-json\/wp\/v2\/media\/63504"}],"wp:attachment":[{"href":"https:\/\/www.actualidadadiario.com\/index.php\/wp-json\/wp\/v2\/media?parent=63736"}],"wp:term":[{"taxonomy":"category","embeddable":true,"href":"https:\/\/www.actualidadadiario.com\/index.php\/wp-json\/wp\/v2\/categories?post=63736"},{"taxonomy":"post_tag","embeddable":true,"href":"https:\/\/www.actualidadadiario.com\/index.php\/wp-json\/wp\/v2\/tags?post=63736"}],"curies":[{"name":"wp","href":"https:\/\/api.w.org\/{rel}","templated":true}]}}