{"id":63728,"date":"2020-07-03T12:07:08","date_gmt":"2020-07-03T15:07:08","guid":{"rendered":"https:\/\/www.actualidadadiario.com\/?p=63728"},"modified":"2020-07-03T12:07:08","modified_gmt":"2020-07-03T15:07:08","slug":"mas-de-3800-pymes-entrerrianas-podran-ser-asistidas-con-creditos","status":"publish","type":"post","link":"https:\/\/www.actualidadadiario.com\/index.php\/2020\/07\/03\/mas-de-3800-pymes-entrerrianas-podran-ser-asistidas-con-creditos\/","title":{"rendered":"M\u00e1s de 3800 pymes entrerrianas podr\u00e1n ser asistidas con cr\u00e9ditos"},"content":{"rendered":"<p style=\"text-align: center;\"><em><strong>El gobernador Gustavo Bordet y el ministro de Desarrollo Productivo de la Naci\u00f3n, Mat\u00edas Kulfas, analizaron la aplicaci\u00f3n del programa Pyme Plus, que beneficiar\u00e1 a 3.884 peque\u00f1as y medianas empresas de la provincia. Tambi\u00e9n evaluaron la continuaci\u00f3n de los ATP para el sector tur\u00edstico<\/strong><\/em><\/p>\n<p>&nbsp;<\/p>\n<p>&nbsp;<\/p>\n<p>Fue durante la videoconferencia en la que dialogaron con los representantes de las cuatro firmas beneficiarias de otros cr\u00e9ditos con respaldo del Fondep para el desarrollo de proyectos tecnol\u00f3gicos y sanitarios. Tambi\u00e9n particip\u00f3 el ministro de Producci\u00f3n de la provincia.<\/p>\n<p>&#8220;Hoy los entrerrianos tenemos un gobierno nacional que nos respalda y que apuesta al trabajo y el desarrollo como respuestas para atravesar esta grave crisis&#8221;, expres\u00f3 Bordet luego del encuentro y agradeci\u00f3 al ministro Kulfas &#8220;por esta instancia de di\u00e1logo para analizar conjuntamente la problem\u00e1tica de los distintos sectores que componen la realidad productiva de Entre R\u00edos&#8221;.<\/p>\n<p>En ese sentido, Bordet puso de relieve &#8220;las m\u00faltiples estrategias que estamos desarrollando junto con Naci\u00f3n y los municipios para atender la problem\u00e1tica&#8221; y subray\u00f3 &#8220;los esfuerzos que diariamente hace nuestro presidente, Alberto Fern\u00e1ndez, para no s\u00f3lo cuidar la salud de los argentinos, sino para garantizar derechos y servicios esenciales en un momento tan cr\u00edtico como el que gener\u00f3 en todo el mundo esta pandemia&#8221;.<\/p>\n<p>Por su parte, el ministro de Producci\u00f3n, Juan Jos\u00e9 Bahillo cont\u00f3 que &#8220;el gobernador hizo un pedido concreto y muy claro de la necesidad de que el programa ATP, de asistencia al trabajo, que en principio se estar\u00eda interrumpiendo a partir de este mes, siga teniendo continuidad en el sector tur\u00edstico&#8221;.<\/p>\n<p>El funcionario provincial record\u00f3 que &#8220;nuestro sector tur\u00edstico sigue sin trabajar ya que necesita la afluencia de p\u00fablico de Capital Federal y Gran Buenos Aires&#8221;, y que, en ese marco, &#8220;nuestros empresarios tur\u00edsticos necesitan seguir siendo asistidos por ese programa con el pago parcial de salarios, y as\u00ed preservar las fuentes de trabajo&#8221;.<\/p>\n<p>&#8220;Fue un pedido concreto de Bordet para el sector tur\u00edstico, que contin\u00fae el ATP; y tambi\u00e9n para otros sectores de la gastronom\u00eda que tienen v\u00ednculo con el turismo en los cuales haya una ca\u00edda importante de las ventas, que se pueda demostrar&#8221;, aclar\u00f3 el ministro de Producci\u00f3n.<\/p>\n<p>&#8220;Seguramente tendr\u00e1 una respuesta favorable; y en caso de ser as\u00ed le dar\u00edan continuidad hasta octubre. Seguramente en los pr\u00f3ximos d\u00edas tendremos una confirmaci\u00f3n de este pedido del gobernador Bordet y ojal\u00e1 podamos darle esta respuesta al sector tur\u00edstico&#8221;, indic\u00f3 Bahillo.<\/p>\n<p>Durante la reuni\u00f3n tambi\u00e9n se analiz\u00f3 la aplicaci\u00f3n en Entre R\u00edos del programa Pymes Plus, del Ministerio de Desarrollo Productivo de la Naci\u00f3n, que alcanzar\u00e1 con cr\u00e9ditos a 3.884 peque\u00f1as y medianas empresas.<\/p>\n<p>&#8220;Se trata de un programa de asistencia financiera para micros y peque\u00f1as empresas, que tengan el certificado Pyme, que no tengan antecedentes bancarios o judiciales previos al 19 de marzo, y que no hayan estado asistidas en el per\u00edodo de aislamiento social y obligatorio&#8221;, precis\u00f3 el funcionario provincial.<\/p>\n<p>Bahillo sostuvo que a trav\u00e9s de ese programa, que ya est\u00e1 en vigencia, &#8220;el gobierno nacional asiste a estas micro y peque\u00f1as empresas con un cambio de l\u00f3gica, ya que se deposita en un banco el monto, de hasta 500.000 pesos para estas peque\u00f1as empresas, que en la provincia estar\u00eda alcanzando a 3.884 empresas, las cuales tienen que concurrir al banco para aceptar o denegar este monto que ya se les deposit\u00f3&#8221;.<\/p>\n<p>En ese sentido, dijo que &#8220;estamos estableciendo las comunicaciones correspondientes, pidiendo a naci\u00f3n la raz\u00f3n social y los CUIT, para ponernos en contacto con las empresas. La buena noticia es que 3.884 micros y peque\u00f1as empresas entrerrianas estar\u00e1n recibiendo una asistencia directa financiera del gobierno. El programa se llama Pyme Plus&#8221;.<\/p>\n<p>Por otra parte, el titular de la cartera productiva cont\u00f3 que dialogaron con los titulares de los cuatro proyectos tecnol\u00f3gicos y sanitarios que recibir\u00e1n cr\u00e9ditos directos con respaldo del Fondep.<\/p>\n<p>Los emprendimientos tienen por objetivo &#8220;desarrollar tecnolog\u00eda o asistencia en el marco de la pandemia; mejoras en procesos de detecci\u00f3n de Covid 19; y tecnolog\u00eda para esterilizar en determinados ambientes&#8221;, se\u00f1al\u00f3 Bahillo. Se trata de dos empresas de Paran\u00e1, una de Concordia y otra de Gualeguaych\u00fa.<\/p>\n<p>En tanto, el secretario de Desarrollo Econ\u00f3mico y Emprendedor, Pedro Gebhart, celebr\u00f3 que &#8220;hay una agenda en conjunto en esta situaci\u00f3n compleja que nos toca vivir en el marco de la pandemia, la cual necesita que las pol\u00edticas nacionales, provinciales y municipales trabajemos articuladamente&#8221;.<\/p>\n<p>&#8220;La demanda es extensa y estamos tratando de sostener, por sobre todas las cosas, el empleo privado. Que no se agrave esta situaci\u00f3n con desocupaci\u00f3n. Pero tambi\u00e9n, simult\u00e1neamente, empezar a trabajar medidas y acciones concretas para reactivar la econom\u00eda porque la capacidad del Estado para sostener la actividad privada tambi\u00e9n es limitada &#8220;, destac\u00f3 Gebhart.<\/p>\n<p>&nbsp;<\/p>\n<p><strong>Proyectos para mitigar la pandemia<\/strong><\/p>\n<p>Son cuatro los proyectos entrerrianos que recibir\u00e1n el cr\u00e9dito con respaldo del FONDEP, seg\u00fan lo anunciado hoy por Kulfas, Bordet y Bahillo:<\/p>\n<p>-Cipar Ingenier\u00eda, de Paran\u00e1, obtuvo un cr\u00e9dito para fabricar camas hospitalarias seg\u00fan dise\u00f1o propio que se destinar\u00e1n a hospitales p\u00fablicos o privados, sanatorios, centros de salud y centros de emergencias, entre otros.<\/p>\n<p>-Lebym, de Concordia, para la compra de un equipo termociclador, para aumentar la capacidad de procesamiento de muestras y disminuir as\u00ed los costos asociados a los reactivos de los controles. La firma trabaja en distintas ramas, como la endocrinolog\u00eda, inmunolog\u00eda, hematolog\u00eda, microbiolog\u00eda, biolog\u00eda molecular y uroan\u00e1lisis.<\/p>\n<p>-Mirich Seguridad Electr\u00f3nica, de Gualeguaych\u00fa, para la construcci\u00f3n de equipos de desinfecci\u00f3n por rayos ultravioletas de alta intensidad para desinfectar aire y superficies. Apuntan a responder a demanda de centros de salud y tambi\u00e9n de espacios como teatros y cines, de cara al reinicio de sus actividades.<\/p>\n<p>-Lafedar, de Paran\u00e1, recibi\u00f3 un cr\u00e9dito para la elaboraci\u00f3n de alcohol en gel, paracetamol, ibuprofeno y azitromicina para responder a demanda nacional, provincial y municipal.<\/p>\n<p>Participaron de la vicedeoconferencia los representantes de las cuatro firmas, Sebasti\u00e1n Mirich, de la firma Mirich, Carlos Corthey, de Lebym, Facundo Mujica, de Cipar Ingenier\u00eda, y Ricardo Guimarey, de Lafedar .<\/p>\n<p>&nbsp;<\/p>\n<p><strong>Sobre las l\u00edneas de financiamiento<\/strong><\/p>\n<p>Una de las l\u00edneas que cuenta con respaldo del FONDEP est\u00e1 constituida por cr\u00e9ditos directos a una tasa fija del 12%, por un monto total de $ 2.000 millones. Destinados a capital de trabajo e inversiones productivas, pueden solicitarlos cooperativas, MiPyMEs y empresas que necesiten aumentar su capacidad de producci\u00f3n y, adem\u00e1s, realicen aportes en el \u00e1rea de equipamiento, insumos m\u00e9dicos y sanitarios, o bien brinden soluciones tecnol\u00f3gicas para la prevenci\u00f3n, diagn\u00f3stico, tratamiento, monitoreo y otros aspectos relacionados con el COVID-19.<\/p>\n<p>Adem\u00e1s, abarca Aportes No Reembolsables (ANR) por una cifra total de $250 millones, destinados a instituciones de Investigaci\u00f3n, Desarrollo e Innovaci\u00f3n; universidades; centros tecnol\u00f3gicos y emprendedores. El objetivo es financiar servicios de asistencia t\u00e9cnica y consultor\u00edas, capital de trabajo e inversiones de proyectos estrat\u00e9gicos.<\/p>\n<p>Se incorpor\u00f3 adem\u00e1s un nuevo fondo, a trav\u00e9s del BID y canalizado por el programa PAC, por 70 millones de pesos para PyMEs y emprendedores que generen desarrollos y soluciones para enfrentar la pandemia, pero adem\u00e1s para generar las condiciones para lo que ser\u00e1 la reactivaci\u00f3n productiva.<\/p>\n","protected":false},"excerpt":{"rendered":"<p>El gobernador Gustavo Bordet y el ministro de Desarrollo Productivo de la Naci\u00f3n, Mat\u00edas Kulfas, analizaron la aplicaci\u00f3n del programa Pyme Plus, que beneficiar\u00e1 a 3.884 peque\u00f1as y medianas empresas de la provincia. Tambi\u00e9n evaluaron la continuaci\u00f3n de los ATP para el sector tur\u00edstico &nbsp; &nbsp; Fue durante la videoconferencia en la que dialogaron con los representantes de las cuatro firmas beneficiarias de otros cr\u00e9ditos con respaldo del Fondep para el desarrollo de proyectos tecnol\u00f3gicos y sanitarios. Tambi\u00e9n particip\u00f3 el ministro de Producci\u00f3n de la provincia. &#8220;Hoy los entrerrianos tenemos&#8230;<\/p>\n","protected":false},"author":3,"featured_media":63729,"comment_status":"closed","ping_status":"closed","sticky":false,"template":"","format":"standard","meta":[],"categories":[15],"tags":[],"_links":{"self":[{"href":"https:\/\/www.actualidadadiario.com\/index.php\/wp-json\/wp\/v2\/posts\/63728"}],"collection":[{"href":"https:\/\/www.actualidadadiario.com\/index.php\/wp-json\/wp\/v2\/posts"}],"about":[{"href":"https:\/\/www.actualidadadiario.com\/index.php\/wp-json\/wp\/v2\/types\/post"}],"author":[{"embeddable":true,"href":"https:\/\/www.actualidadadiario.com\/index.php\/wp-json\/wp\/v2\/users\/3"}],"replies":[{"embeddable":true,"href":"https:\/\/www.actualidadadiario.com\/index.php\/wp-json\/wp\/v2\/comments?post=63728"}],"version-history":[{"count":1,"href":"https:\/\/www.actualidadadiario.com\/index.php\/wp-json\/wp\/v2\/posts\/63728\/revisions"}],"predecessor-version":[{"id":63730,"href":"https:\/\/www.actualidadadiario.com\/index.php\/wp-json\/wp\/v2\/posts\/63728\/revisions\/63730"}],"wp:featuredmedia":[{"embeddable":true,"href":"https:\/\/www.actualidadadiario.com\/index.php\/wp-json\/wp\/v2\/media\/63729"}],"wp:attachment":[{"href":"https:\/\/www.actualidadadiario.com\/index.php\/wp-json\/wp\/v2\/media?parent=63728"}],"wp:term":[{"taxonomy":"category","embeddable":true,"href":"https:\/\/www.actualidadadiario.com\/index.php\/wp-json\/wp\/v2\/categories?post=63728"},{"taxonomy":"post_tag","embeddable":true,"href":"https:\/\/www.actualidadadiario.com\/index.php\/wp-json\/wp\/v2\/tags?post=63728"}],"curies":[{"name":"wp","href":"https:\/\/api.w.org\/{rel}","templated":true}]}}