{"id":63725,"date":"2020-07-03T12:06:20","date_gmt":"2020-07-03T15:06:20","guid":{"rendered":"https:\/\/www.actualidadadiario.com\/?p=63725"},"modified":"2020-07-03T12:06:20","modified_gmt":"2020-07-03T15:06:20","slug":"la-provincia-distribuira-300-millones-de-pesos-a-los-municipios-para-atender-la-pandemia","status":"publish","type":"post","link":"https:\/\/www.actualidadadiario.com\/index.php\/2020\/07\/03\/la-provincia-distribuira-300-millones-de-pesos-a-los-municipios-para-atender-la-pandemia\/","title":{"rendered":"La provincia distribuir\u00e1 300 millones de pesos a los municipios para atender la pandemia"},"content":{"rendered":"<p style=\"text-align: center;\"><em><strong>El gobernador Gustavo Bordet firm\u00f3 el decreto que establece la distribuci\u00f3n de 300 millones de pesos entre todos los municipios en concepto de aportes no reintegrable<\/strong><\/em><\/p>\n<p>&nbsp;<\/p>\n<p>&nbsp;<\/p>\n<p>El 90 por ciento de ese monto se repartir\u00e1 de acuerdo al \u00edndice de coparticipaci\u00f3n y el resto por los casos de covid positivos en cada localidad.<\/p>\n<p>La novedad fue dada a conocer en el transcurso de la reuni\u00f3n que mantuvo el primer mandatario entrerriano, junto a la vicegobernadora Laura Stratta y el ministro de Econom\u00eda, Hugo Ballay, con el intendente de San Salvador, Lucas Larrarte.<\/p>\n<p>En ese marco, el ministro Ballay coment\u00f3 que el decreto que rubric\u00f3 el gobernador donde se dispone un monto de 300 millones de pesos destinados a todos los municipios &#8220;es una decisi\u00f3n que contempla a todos los municipios sin distinci\u00f3n partidaria&#8221;.<\/p>\n<p>El 90 por ciento va a ser distribuido por \u00edndice de coparticipaci\u00f3n y el 10 por ciento restante de acuerdo a la cantidad de casos covid positivos que haya tenido cada localidad.<\/p>\n<p>\u201cEntendemos que esta es la mejor forma de distribuirlos porque justamente est\u00e1 previsto que sea atender la inversi\u00f3n que demanda a cada uno de los intendentes la atenci\u00f3n de la situaci\u00f3n de salud, la situaci\u00f3n social y la alimentaria\u201d, acot\u00f3 el funcionario.<\/p>\n<p>Dijo Ballay que adem\u00e1s escucharon &#8220;un planteo que hizo el intendente Larrarte que es acompa\u00f1ado por otros intendentes, referido a la metodologia en la liquidaci\u00f3n de la garant\u00eda de coparticipaci\u00f3n que utiliza la provincia&#8221;.<\/p>\n<p>&#8220;Estamos analizando independizar la liquidaci\u00f3n de garant\u00eda de coparticipaci\u00f3n provincial y nacional, y cumplir, como lo venimos haciendo habitualmente pero por separado, con lo que establece la Constituci\u00f3n entrerriana respecto a los m\u00ednimos garantizados tanto de coparticipaci\u00f3n provincial como nacional\u201d.<\/p>\n<p>A su turno, Larrarte expres\u00f3 su satisfacci\u00f3n por los aportes anunciados a municipios. &#8220;Siempre hemos recibido el apoyo del gobierno provincial, m\u00e1s en estos tiempos de dificultades por distintas v\u00edas, ya sea por el Ministerio de Salud, por el Ministerio de Desarrollo Social, y en esta oportunidad el planteo era muy concreto: la necesidad que tienen los municipios de la provincia de mantener estabilizadas sus cuentas fiscales y en funci\u00f3n de ello hemos tomado conocimiento de esta decisi\u00f3n del gobernador que celebramos, de distribuir entre los municipios de la provincia, sin distinci\u00f3n de partidos pol\u00edticos, la suma de 300 millones de pesos. Es un aporte muy importante, un esfuerzo muy grande que hace la provincia para que los municipios puedan seguir cumpliendo con todas sus obligaciones\u201d.<\/p>\n<p>\u201cAl mismo tiempo, hemos trasladado un pedido que venimos haciendo junto al resto de los intendentes para sostener esta estabilidad fiscal y es relacionada a la garant\u00eda de la coparticipaci\u00f3n. Est\u00e1 el compromiso por parte del gobernador y del Ministerio de Econom\u00eda de realizar un an\u00e1lisis profundo de esta situaci\u00f3n y seguramente brindarnos una respuesta positiva como siempre la hemos tenido. Nos vamos satisfechos\u201d, dijo Larrate.<\/p>\n<p>Con respecto a la pandemia, indic\u00f3: \u201cTenemos mucho trabajo. Demanda un esfuerzo importante. Tenemos dos rutas que atraviesan pr\u00e1cticamente el centro de la ciudad y esto conlleva una dificultad muy particular en lo que hace al control de los ingresos, por lo que tenemos mucho personal abocado a esa tarea\u201d.<\/p>\n","protected":false},"excerpt":{"rendered":"<p>El gobernador Gustavo Bordet firm\u00f3 el decreto que establece la distribuci\u00f3n de 300 millones de pesos entre todos los municipios en concepto de aportes no reintegrable &nbsp; &nbsp; El 90 por ciento de ese monto se repartir\u00e1 de acuerdo al \u00edndice de coparticipaci\u00f3n y el resto por los casos de covid positivos en cada localidad. La novedad fue dada a conocer en el transcurso de la reuni\u00f3n que mantuvo el primer mandatario entrerriano, junto a la vicegobernadora Laura Stratta y el ministro de Econom\u00eda, Hugo Ballay, con el intendente de&#8230;<\/p>\n","protected":false},"author":3,"featured_media":63726,"comment_status":"closed","ping_status":"closed","sticky":false,"template":"","format":"standard","meta":[],"categories":[9,15],"tags":[],"_links":{"self":[{"href":"https:\/\/www.actualidadadiario.com\/index.php\/wp-json\/wp\/v2\/posts\/63725"}],"collection":[{"href":"https:\/\/www.actualidadadiario.com\/index.php\/wp-json\/wp\/v2\/posts"}],"about":[{"href":"https:\/\/www.actualidadadiario.com\/index.php\/wp-json\/wp\/v2\/types\/post"}],"author":[{"embeddable":true,"href":"https:\/\/www.actualidadadiario.com\/index.php\/wp-json\/wp\/v2\/users\/3"}],"replies":[{"embeddable":true,"href":"https:\/\/www.actualidadadiario.com\/index.php\/wp-json\/wp\/v2\/comments?post=63725"}],"version-history":[{"count":1,"href":"https:\/\/www.actualidadadiario.com\/index.php\/wp-json\/wp\/v2\/posts\/63725\/revisions"}],"predecessor-version":[{"id":63727,"href":"https:\/\/www.actualidadadiario.com\/index.php\/wp-json\/wp\/v2\/posts\/63725\/revisions\/63727"}],"wp:featuredmedia":[{"embeddable":true,"href":"https:\/\/www.actualidadadiario.com\/index.php\/wp-json\/wp\/v2\/media\/63726"}],"wp:attachment":[{"href":"https:\/\/www.actualidadadiario.com\/index.php\/wp-json\/wp\/v2\/media?parent=63725"}],"wp:term":[{"taxonomy":"category","embeddable":true,"href":"https:\/\/www.actualidadadiario.com\/index.php\/wp-json\/wp\/v2\/categories?post=63725"},{"taxonomy":"post_tag","embeddable":true,"href":"https:\/\/www.actualidadadiario.com\/index.php\/wp-json\/wp\/v2\/tags?post=63725"}],"curies":[{"name":"wp","href":"https:\/\/api.w.org\/{rel}","templated":true}]}}