{"id":63709,"date":"2020-07-02T12:41:58","date_gmt":"2020-07-02T15:41:58","guid":{"rendered":"https:\/\/www.actualidadadiario.com\/?p=63709"},"modified":"2020-07-02T12:41:58","modified_gmt":"2020-07-02T15:41:58","slug":"un-amigo-de-alberto-fernandez-asume-como-canciller-de-uruguay","status":"publish","type":"post","link":"https:\/\/www.actualidadadiario.com\/index.php\/2020\/07\/02\/un-amigo-de-alberto-fernandez-asume-como-canciller-de-uruguay\/","title":{"rendered":"Un amigo de Alberto Fern\u00e1ndez asume como canciller de Uruguay"},"content":{"rendered":"<p style=\"text-align: center;\"><em><strong>&#8220;Pancho&#8221; Bustillo, que lo aloj\u00f3 en Espa\u00f1a, reemplaza al saliente Talvi, cuestionado por su postura sobre Venezuela<\/strong><\/em><\/p>\n<p>&nbsp;<\/p>\n<p>&nbsp;<\/p>\n<p>Alberto Fern\u00e1ndez celebr\u00f3 la designaci\u00f3n del nuevo canciller de Uruguay, Francisco &#8220;Pancho&#8221; Bustillo, en un movimiento que puede ser clave para encauzar las relaciones diplom\u00e1ticas con el gobierno de Luis Lacalle Pou.<\/p>\n<p>Bustillo es uno de los diplom\u00e1ticos de la regi\u00f3n m\u00e1s cercanos a Alberto Fern\u00e1ndez y fue quien lo aloj\u00f3 y le arm\u00f3 la parte m\u00e1s importante de su visita a Espa\u00f1a durante la campa\u00f1a presidencial.<\/p>\n<p>Ernesto Talvi, el canciller saliente, present\u00f3 este mi\u00e9rcoles su renuncia pese a que su intenci\u00f3n era mantenerse en \u00e9l hasta finales de a\u00f1o, cuando concluye la presidencia pro tempore Mercosur, que asume su pa\u00eds este jueves.<\/p>\n<p>Talvi, que estaba en el cargo desde el 1 de marzo, cuando asumi\u00f3 Lacalle, adelant\u00f3 el pasado 11 de junio que hab\u00eda tomado la decisi\u00f3n de cambiar ese puesto por otro lugar en la pol\u00edtica del pa\u00eds, si bien no concret\u00f3 la fecha.<\/p>\n<p>La decisi\u00f3n anunciada aquel d\u00eda se debi\u00f3 a la tensi\u00f3n interna que gener\u00f3 Talvi en el gobierno uruguayo tras negarse a calificar de &#8220;dictadura&#8221; a Venezuela, si bien luego dir\u00eda que el gobierno de Nicol\u00e1s Maduro &#8220;no es una democracia&#8221;.<\/p>\n<p>Seg\u00fan dijeron, el presidente sinti\u00f3 como un triunfo la designaci\u00f3n de Bustillo, quien lo aloj\u00f3 en la residencia como embajador de Espa\u00f1a durante la campa\u00f1a posterior a las primarias de 2019.<\/p>\n<p>Desde 2005 a 2010, Bustillo ocup\u00f3 la embajada uruguaya en Argentina, durante el primer mandato de Tabar\u00e9 V\u00e1zquez y antes de asumir como canciller estaba designado en Madrid.<\/p>\n","protected":false},"excerpt":{"rendered":"<p>&#8220;Pancho&#8221; Bustillo, que lo aloj\u00f3 en Espa\u00f1a, reemplaza al saliente Talvi, cuestionado por su postura sobre Venezuela &nbsp; &nbsp; Alberto Fern\u00e1ndez celebr\u00f3 la designaci\u00f3n del nuevo canciller de Uruguay, Francisco &#8220;Pancho&#8221; Bustillo, en un movimiento que puede ser clave para encauzar las relaciones diplom\u00e1ticas con el gobierno de Luis Lacalle Pou. Bustillo es uno de los diplom\u00e1ticos de la regi\u00f3n m\u00e1s cercanos a Alberto Fern\u00e1ndez y fue quien lo aloj\u00f3 y le arm\u00f3 la parte m\u00e1s importante de su visita a Espa\u00f1a durante la campa\u00f1a presidencial. Ernesto Talvi, el canciller&#8230;<\/p>\n","protected":false},"author":3,"featured_media":63710,"comment_status":"closed","ping_status":"closed","sticky":false,"template":"","format":"standard","meta":[],"categories":[4],"tags":[],"_links":{"self":[{"href":"https:\/\/www.actualidadadiario.com\/index.php\/wp-json\/wp\/v2\/posts\/63709"}],"collection":[{"href":"https:\/\/www.actualidadadiario.com\/index.php\/wp-json\/wp\/v2\/posts"}],"about":[{"href":"https:\/\/www.actualidadadiario.com\/index.php\/wp-json\/wp\/v2\/types\/post"}],"author":[{"embeddable":true,"href":"https:\/\/www.actualidadadiario.com\/index.php\/wp-json\/wp\/v2\/users\/3"}],"replies":[{"embeddable":true,"href":"https:\/\/www.actualidadadiario.com\/index.php\/wp-json\/wp\/v2\/comments?post=63709"}],"version-history":[{"count":1,"href":"https:\/\/www.actualidadadiario.com\/index.php\/wp-json\/wp\/v2\/posts\/63709\/revisions"}],"predecessor-version":[{"id":63711,"href":"https:\/\/www.actualidadadiario.com\/index.php\/wp-json\/wp\/v2\/posts\/63709\/revisions\/63711"}],"wp:featuredmedia":[{"embeddable":true,"href":"https:\/\/www.actualidadadiario.com\/index.php\/wp-json\/wp\/v2\/media\/63710"}],"wp:attachment":[{"href":"https:\/\/www.actualidadadiario.com\/index.php\/wp-json\/wp\/v2\/media?parent=63709"}],"wp:term":[{"taxonomy":"category","embeddable":true,"href":"https:\/\/www.actualidadadiario.com\/index.php\/wp-json\/wp\/v2\/categories?post=63709"},{"taxonomy":"post_tag","embeddable":true,"href":"https:\/\/www.actualidadadiario.com\/index.php\/wp-json\/wp\/v2\/tags?post=63709"}],"curies":[{"name":"wp","href":"https:\/\/api.w.org\/{rel}","templated":true}]}}