{"id":63703,"date":"2020-07-02T12:40:21","date_gmt":"2020-07-02T15:40:21","guid":{"rendered":"https:\/\/www.actualidadadiario.com\/?p=63703"},"modified":"2020-07-02T12:40:21","modified_gmt":"2020-07-02T15:40:21","slug":"el-gobierno-creo-una-mesa-tripartita-con-sindicalistas-y-empresarios","status":"publish","type":"post","link":"https:\/\/www.actualidadadiario.com\/index.php\/2020\/07\/02\/el-gobierno-creo-una-mesa-tripartita-con-sindicalistas-y-empresarios\/","title":{"rendered":"El Gobierno cre\u00f3 una mesa tripartita con sindicalistas y empresarios"},"content":{"rendered":"<p style=\"text-align: center;\"><em><strong>Estar\u00e1 conformada por 12 personas. Lo oficializaron en una resoluci\u00f3n publicada en el Bolet\u00edn Oficial<\/strong><\/em><\/p>\n<p>&nbsp;<\/p>\n<p>&nbsp;<\/p>\n<p>El Gobierno cre\u00f3 hoy una comisi\u00f3n tripartita para analizar junto a sindicalistas y empresarios para construir &#8220;consensos necesarios&#8221; en lo que se refiere a la formaci\u00f3n profesional.<\/p>\n<p>A trav\u00e9s de la Resoluci\u00f3n 550\/20, publicada este jueves en el Bolet\u00edn Oficial, el Ministerio de Trabajo formaliz\u00f3 la creaci\u00f3n de la &#8220;Comisi\u00f3n Tripartita de Formaci\u00f3n Profesional y Continua&#8221;.<\/p>\n<p>El \u00f3rgano estar\u00e1 integrado por 12 personas: cuatro representantes de la cartera laboral, cuatro por parte de los sindicatos y la misma cifra para las organizaciones empresarias.<\/p>\n<p>El objetivo de esta comisi\u00f3n es &#8220;la construcci\u00f3n de los consensos necesarios para el dise\u00f1o, formulaci\u00f3n, evaluaci\u00f3n y planificaci\u00f3n de las pol\u00edticas p\u00fablicas, l\u00edneas de acci\u00f3n y programas que integran el Plan de Formaci\u00f3n Continua&#8221; del Ministerio de Trabajo.<\/p>\n","protected":false},"excerpt":{"rendered":"<p>Estar\u00e1 conformada por 12 personas. Lo oficializaron en una resoluci\u00f3n publicada en el Bolet\u00edn Oficial &nbsp; &nbsp; El Gobierno cre\u00f3 hoy una comisi\u00f3n tripartita para analizar junto a sindicalistas y empresarios para construir &#8220;consensos necesarios&#8221; en lo que se refiere a la formaci\u00f3n profesional. A trav\u00e9s de la Resoluci\u00f3n 550\/20, publicada este jueves en el Bolet\u00edn Oficial, el Ministerio de Trabajo formaliz\u00f3 la creaci\u00f3n de la &#8220;Comisi\u00f3n Tripartita de Formaci\u00f3n Profesional y Continua&#8221;. El \u00f3rgano estar\u00e1 integrado por 12 personas: cuatro representantes de la cartera laboral, cuatro por parte de&#8230;<\/p>\n","protected":false},"author":3,"featured_media":63704,"comment_status":"closed","ping_status":"closed","sticky":false,"template":"","format":"standard","meta":[],"categories":[18],"tags":[],"_links":{"self":[{"href":"https:\/\/www.actualidadadiario.com\/index.php\/wp-json\/wp\/v2\/posts\/63703"}],"collection":[{"href":"https:\/\/www.actualidadadiario.com\/index.php\/wp-json\/wp\/v2\/posts"}],"about":[{"href":"https:\/\/www.actualidadadiario.com\/index.php\/wp-json\/wp\/v2\/types\/post"}],"author":[{"embeddable":true,"href":"https:\/\/www.actualidadadiario.com\/index.php\/wp-json\/wp\/v2\/users\/3"}],"replies":[{"embeddable":true,"href":"https:\/\/www.actualidadadiario.com\/index.php\/wp-json\/wp\/v2\/comments?post=63703"}],"version-history":[{"count":1,"href":"https:\/\/www.actualidadadiario.com\/index.php\/wp-json\/wp\/v2\/posts\/63703\/revisions"}],"predecessor-version":[{"id":63705,"href":"https:\/\/www.actualidadadiario.com\/index.php\/wp-json\/wp\/v2\/posts\/63703\/revisions\/63705"}],"wp:featuredmedia":[{"embeddable":true,"href":"https:\/\/www.actualidadadiario.com\/index.php\/wp-json\/wp\/v2\/media\/63704"}],"wp:attachment":[{"href":"https:\/\/www.actualidadadiario.com\/index.php\/wp-json\/wp\/v2\/media?parent=63703"}],"wp:term":[{"taxonomy":"category","embeddable":true,"href":"https:\/\/www.actualidadadiario.com\/index.php\/wp-json\/wp\/v2\/categories?post=63703"},{"taxonomy":"post_tag","embeddable":true,"href":"https:\/\/www.actualidadadiario.com\/index.php\/wp-json\/wp\/v2\/tags?post=63703"}],"curies":[{"name":"wp","href":"https:\/\/api.w.org\/{rel}","templated":true}]}}