{"id":63698,"date":"2020-07-02T12:38:32","date_gmt":"2020-07-02T15:38:32","guid":{"rendered":"https:\/\/www.actualidadadiario.com\/?p=63698"},"modified":"2020-07-02T12:38:32","modified_gmt":"2020-07-02T15:38:32","slug":"continuan-hoy-las-indagatorias-a-detenidos-por-supuesto-espionaje-ilegal","status":"publish","type":"post","link":"https:\/\/www.actualidadadiario.com\/index.php\/2020\/07\/02\/continuan-hoy-las-indagatorias-a-detenidos-por-supuesto-espionaje-ilegal\/","title":{"rendered":"Contin\u00faan hoy las indagatorias a detenidos por supuesto espionaje ilegal"},"content":{"rendered":"<p style=\"text-align: center;\"><em><strong>Est\u00e1n citados para las 9:30 Susana Martinengo, y le siguen Diego Dalmau Pereyra, Jorge Horacio &#8220;Turco&#8221; S\u00e1ez, Leandro C\u00e9sar Araque, Facundo Melo, Emiliano Matta y Mercedes Funes Silva<\/strong><\/em><\/p>\n<p>&nbsp;<\/p>\n<p>&nbsp;<\/p>\n<p>Los detenidos por presunto espionaje ilegal durante el gobierno de Cambiemos continuar\u00e1n hoy siendo indagados en el marco de la causa que investiga el juez federal de Lomas de Zamora Federico Villena, entre los que se encuentra una exfuncionaria cercana al expresidente Mauricio Macri y varios exmiembros de la Agencia Federal de Inteligencia (AFI).<\/p>\n<p>Seg\u00fan informaron fuentes judiciales, est\u00e1n citados para hoy a las 9:30 Susana Martinengo (ex jefa de Documentaci\u00f3n Presidencial), y le siguen Diego Dalmau Pereyra, Jorge Horacio &#8220;Turco&#8221; S\u00e1ez, Leandro C\u00e9sar Araque, Facundo Melo, Emiliano Matta y Mercedes Funes Silva.<\/p>\n<p>Por su parte, Martinengo pidi\u00f3 la prisi\u00f3n domiciliaria debido a que tiene 64 a\u00f1os e integra un grupo de riesgo ante la pandemia de coronavirus y la fiscal del caso, Cecilia Incardona, accedi\u00f3 a otorgar el beneficio, por lo que ahora debe decidir el juez, informaron fuentes judiciales.<\/p>\n<p>Otra de las detenidas, Mercedes Funes Silva est\u00e1 desde ayer con prisi\u00f3n domiciliaria debido a que tiene dos hijos chicos y su marido es polic\u00eda, por lo cual era necesaria su presencia en el hogar para el cuidado de ambos durante el aislamiento preventivo y obligatorio por la Covid-19.<\/p>\n<p>Ayer, la primera tanda de indagatorias en la causa incluy\u00f3 preguntas sobre maniobras de seguimiento al titular de la Corte Suprema, Carlos Rosenkrantz, informaron fuentes judiciales con acceso al expediente.<\/p>\n<p>Varios detenidos accedieron a responder preguntas en la ronda de declaraciones de ayer y, seg\u00fan pudo reconstruir T\u00e9lam, el temario vers\u00f3 sobre espionaje contra los dirigentes pol\u00edticos Diego Santilli y Graciela Cama\u00f1o, pero tambi\u00e9n sobre trabajos realizados para un programa de televisi\u00f3n y seguimientos al titular del m\u00e1ximo tribunal.<\/p>\n<p>En tanto, para el pr\u00f3ximo lunes, tambi\u00e9n a las 9:30, se dispuso la indagatoria para Alan Ruiz, detenido en la causa por supuesto espionaje ilegal contra el Instituto Patria y la vicepresidenta Cristina Fern\u00e1ndez de Kirchner, que sustancia el juez de Lomas de Zamora Juan Pablo Aug\u00e9.<\/p>\n<p>El juez Villena orden\u00f3 detener a 22 personas en el marco de la investigaci\u00f3n por supuesto espionaje ilegal a funcionarios, pol\u00edticos y empresarios durante el gobierno de Cambiemos.<\/p>\n<p>En la resoluci\u00f3n en la que dispuso las detenciones, Villena advirti\u00f3 que &#8220;la magnitud de la estructura il\u00edcita rese\u00f1ada, cuya inserci\u00f3n abarcar\u00eda distintos \u00e1mbitos del Estado nacional, provincial y local, permite presumir que quienes habr\u00edan participado en los hechos materia de investigaci\u00f3n cuentan con los medios y\/o v\u00ednculos para eludir la aplicaci\u00f3n de la ley penal&#8221;.<\/p>\n","protected":false},"excerpt":{"rendered":"<p>Est\u00e1n citados para las 9:30 Susana Martinengo, y le siguen Diego Dalmau Pereyra, Jorge Horacio &#8220;Turco&#8221; S\u00e1ez, Leandro C\u00e9sar Araque, Facundo Melo, Emiliano Matta y Mercedes Funes Silva &nbsp; &nbsp; Los detenidos por presunto espionaje ilegal durante el gobierno de Cambiemos continuar\u00e1n hoy siendo indagados en el marco de la causa que investiga el juez federal de Lomas de Zamora Federico Villena, entre los que se encuentra una exfuncionaria cercana al expresidente Mauricio Macri y varios exmiembros de la Agencia Federal de Inteligencia (AFI). Seg\u00fan informaron fuentes judiciales, est\u00e1n citados&#8230;<\/p>\n","protected":false},"author":3,"featured_media":63699,"comment_status":"closed","ping_status":"closed","sticky":false,"template":"","format":"standard","meta":[],"categories":[18],"tags":[],"_links":{"self":[{"href":"https:\/\/www.actualidadadiario.com\/index.php\/wp-json\/wp\/v2\/posts\/63698"}],"collection":[{"href":"https:\/\/www.actualidadadiario.com\/index.php\/wp-json\/wp\/v2\/posts"}],"about":[{"href":"https:\/\/www.actualidadadiario.com\/index.php\/wp-json\/wp\/v2\/types\/post"}],"author":[{"embeddable":true,"href":"https:\/\/www.actualidadadiario.com\/index.php\/wp-json\/wp\/v2\/users\/3"}],"replies":[{"embeddable":true,"href":"https:\/\/www.actualidadadiario.com\/index.php\/wp-json\/wp\/v2\/comments?post=63698"}],"version-history":[{"count":1,"href":"https:\/\/www.actualidadadiario.com\/index.php\/wp-json\/wp\/v2\/posts\/63698\/revisions"}],"predecessor-version":[{"id":63700,"href":"https:\/\/www.actualidadadiario.com\/index.php\/wp-json\/wp\/v2\/posts\/63698\/revisions\/63700"}],"wp:featuredmedia":[{"embeddable":true,"href":"https:\/\/www.actualidadadiario.com\/index.php\/wp-json\/wp\/v2\/media\/63699"}],"wp:attachment":[{"href":"https:\/\/www.actualidadadiario.com\/index.php\/wp-json\/wp\/v2\/media?parent=63698"}],"wp:term":[{"taxonomy":"category","embeddable":true,"href":"https:\/\/www.actualidadadiario.com\/index.php\/wp-json\/wp\/v2\/categories?post=63698"},{"taxonomy":"post_tag","embeddable":true,"href":"https:\/\/www.actualidadadiario.com\/index.php\/wp-json\/wp\/v2\/tags?post=63698"}],"curies":[{"name":"wp","href":"https:\/\/api.w.org\/{rel}","templated":true}]}}