{"id":63692,"date":"2020-07-02T12:35:12","date_gmt":"2020-07-02T15:35:12","guid":{"rendered":"https:\/\/www.actualidadadiario.com\/?p=63692"},"modified":"2020-07-02T12:35:12","modified_gmt":"2020-07-02T15:35:12","slug":"el-congreso-controlara-las-escuchas-judiciales","status":"publish","type":"post","link":"https:\/\/www.actualidadadiario.com\/index.php\/2020\/07\/02\/el-congreso-controlara-las-escuchas-judiciales\/","title":{"rendered":"El Congreso controlar\u00e1 las escuchas judiciales"},"content":{"rendered":"<p style=\"text-align: center;\"><em><strong>El Congreso dio otro paso para el control de las escuchas judiciales, que por ahora siguen en manos de la Corte Suprema. A trav\u00e9s de una resoluci\u00f3n conjunta que lleva las firmas de la presidenta del Senado, Cristina Fern\u00e1ndez de Kirchner, y del presidente de la C\u00e1mara de Diputados, Sergio Massa, se puso en marcha el cumplimiento de un convenio que sellaron los supremos y el Parlamento durante el gobierno de Mauricio Macri para el control legislativo de la Direcci\u00f3n de Asistencia Judicial en Delitos Complejos y Crimen Organizado del Poder Judicial de la Naci\u00f3n (AJUDECO), de la que depende la oficina de escuchas judiciales. La resoluci\u00f3n establece que la Bicameral de Inteligencia, se encargue de monitorear su accionar<\/strong><\/em><\/p>\n<p>&nbsp;<\/p>\n<p>&nbsp;<\/p>\n<p>CFK y Massa desempolvaron el convenio que la Corte Suprema y el Congreso firmaron el 29 de septiembre de 2016, y que nunca se hab\u00eda puesto en marcha. \u201cEl Congreso de la Naci\u00f3n efectuar\u00e1 el seguimiento de las actividades de la Direcci\u00f3n de Asistencia Judicial en Delitos Complejos y Crimen Organizado del Poder Judicial de la Naci\u00f3n, a efectos de garantizar los est\u00e1ndares institucionalidad y transparencia institucional y la actualizaci\u00f3n permanente de los m\u00e9todos m\u00e1s eficientes para prestar asistencia contra el crimen en los planos nacionales y transnacional\u201d, dice el primer punto del acuerdo.<\/p>\n<p>Las autoridades parlamentarias tambi\u00e9n tomaron el segundo punto del acuerdo para designar el m\u00e9todo de control: \u201cEl Congreso determinar\u00e1 la modalidad en que se desarrollen las tareas de seguimiento\u201d, afirma el convenio. CFK y Massa asignaron esa tarea a la Bicameral de Fiscalizaci\u00f3n de Organismos y actividades de Inteligencia, que preside el diputado oficialista Leopoldo Moreau.<\/p>\n<p>Una bicameral que tiene un rol muy activo en el seguimiento de las diversas denuncias penales e investigaciones judiciales sobre las actividades de espionaje ilegal realizados desde la Agencia Federal de Inteligencia (AFI) y agentes paraestatales, a dirigentes pol\u00edticos, sociales, empresarios y eclesi\u00e1sticos durante el gobierno de Macri. Ahora tambi\u00e9n tendr\u00e1 en sus manos el control sobre las escuchas judiciales.<\/p>\n<p>El espionaje ilegal y la difusi\u00f3n de escuchas ilegales fue denunciado por el actual oficialismo durante los cuatro a\u00f1os de la gesti\u00f3n de Cambiemos y se transform\u00f3 en una de las prioridades a resolver con su llegada al Gobierno. Una de las primeras medidas del presidente Alberto Fern\u00e1ndez fue decretar la intervenci\u00f3n de la AFI para terminar con lo que defini\u00f3 como \u201cs\u00f3tanos de la democracia\u201d.<\/p>\n<p>El Frente de Todos ya avanz\u00f3 en el Senado, a pesar de la tenaz resistencia de Juntos por el Cambio, con el rechazo al DNU de Macri que traspas\u00f3 las escuchas judiciales de la Procuraci\u00f3n General a la Corte Suprema y que nunca hab\u00eda convalidado el Congreso. Aunque la alianza opositora bloquea su tratamiento en Diputados, el oficialismo est\u00e1 decidido a dar la pelea para el definitivo rechazo del DNU de Macri.<\/p>\n<p>La resoluci\u00f3n, en tanto, le brindar\u00e1 al oficialismo un sistema de control sobre las escuchas judiciales si \u2013como se propone\u2014 las mismas vuelven a la Procuraci\u00f3n General, ahora en manos del procurador interino Eduardo Casal. Una situaci\u00f3n que se sostiene\u00a0 mientras Juntos por el Cambio contin\u00fae en su negativa de rechazar el pliego del juez federal Daniel Rafecas como el nuevo procurador propuesto por el Gobierno. Y para cuya aprobaci\u00f3n se necesitan los dos tercios del Senado, un n\u00famero que el FdT no alcanza en soledad.<\/p>\n","protected":false},"excerpt":{"rendered":"<p>El Congreso dio otro paso para el control de las escuchas judiciales, que por ahora siguen en manos de la Corte Suprema. A trav\u00e9s de una resoluci\u00f3n conjunta que lleva las firmas de la presidenta del Senado, Cristina Fern\u00e1ndez de Kirchner, y del presidente de la C\u00e1mara de Diputados, Sergio Massa, se puso en marcha el cumplimiento de un convenio que sellaron los supremos y el Parlamento durante el gobierno de Mauricio Macri para el control legislativo de la Direcci\u00f3n de Asistencia Judicial en Delitos Complejos y Crimen Organizado del&#8230;<\/p>\n","protected":false},"author":3,"featured_media":63693,"comment_status":"closed","ping_status":"closed","sticky":false,"template":"","format":"standard","meta":[],"categories":[18],"tags":[],"_links":{"self":[{"href":"https:\/\/www.actualidadadiario.com\/index.php\/wp-json\/wp\/v2\/posts\/63692"}],"collection":[{"href":"https:\/\/www.actualidadadiario.com\/index.php\/wp-json\/wp\/v2\/posts"}],"about":[{"href":"https:\/\/www.actualidadadiario.com\/index.php\/wp-json\/wp\/v2\/types\/post"}],"author":[{"embeddable":true,"href":"https:\/\/www.actualidadadiario.com\/index.php\/wp-json\/wp\/v2\/users\/3"}],"replies":[{"embeddable":true,"href":"https:\/\/www.actualidadadiario.com\/index.php\/wp-json\/wp\/v2\/comments?post=63692"}],"version-history":[{"count":1,"href":"https:\/\/www.actualidadadiario.com\/index.php\/wp-json\/wp\/v2\/posts\/63692\/revisions"}],"predecessor-version":[{"id":63694,"href":"https:\/\/www.actualidadadiario.com\/index.php\/wp-json\/wp\/v2\/posts\/63692\/revisions\/63694"}],"wp:featuredmedia":[{"embeddable":true,"href":"https:\/\/www.actualidadadiario.com\/index.php\/wp-json\/wp\/v2\/media\/63693"}],"wp:attachment":[{"href":"https:\/\/www.actualidadadiario.com\/index.php\/wp-json\/wp\/v2\/media?parent=63692"}],"wp:term":[{"taxonomy":"category","embeddable":true,"href":"https:\/\/www.actualidadadiario.com\/index.php\/wp-json\/wp\/v2\/categories?post=63692"},{"taxonomy":"post_tag","embeddable":true,"href":"https:\/\/www.actualidadadiario.com\/index.php\/wp-json\/wp\/v2\/tags?post=63692"}],"curies":[{"name":"wp","href":"https:\/\/api.w.org\/{rel}","templated":true}]}}