{"id":63689,"date":"2020-07-02T12:34:27","date_gmt":"2020-07-02T15:34:27","guid":{"rendered":"https:\/\/www.actualidadadiario.com\/?p=63689"},"modified":"2020-07-02T12:34:27","modified_gmt":"2020-07-02T15:34:27","slug":"alberto-se-reunio-con-su-gabinete-economico-para-analizar-medidas","status":"publish","type":"post","link":"https:\/\/www.actualidadadiario.com\/index.php\/2020\/07\/02\/alberto-se-reunio-con-su-gabinete-economico-para-analizar-medidas\/","title":{"rendered":"Alberto se reuni\u00f3 con su gabinete econ\u00f3mico para analizar medidas"},"content":{"rendered":"<p style=\"text-align: center;\"><em><strong>El Presidente encabez\u00f3 la reuni\u00f3n con el gabinete econ\u00f3mico en la que se analizaron las medidas para mitigar los efectos de la pandemia de coronavirus<\/strong><\/em><\/p>\n<p>&nbsp;<\/p>\n<p>&nbsp;<\/p>\n<p>El presidente Alberto Fern\u00e1ndez encabez\u00f3 este mi\u00e9rcoles en la residencia de Olivos la reuni\u00f3n del gabinete econ\u00f3mico, que viene definiendo las principales medidas para mitigar los efectos la pandemia de coronavirus.<\/p>\n<p>El encuentro se realiz\u00f3 en el marco del aislamiento social, preventivo y obligatorio con el objetivo de analizar y hacer un seguimiento de las medidas para mitigar los efectos de la pandemia.<\/p>\n<p>La reuni\u00f3n comenz\u00f3 alrededor de las 10.30 en la residencia de Olivos, adonde el jefe de Estado desarrolla su actividad durante la cuarentena que comenz\u00f3 hoy en el AMBA una fase m\u00e1s restrictiva hasta el 17 de julio.<\/p>\n<p>Durante el aislamiento, el gabinete econ\u00f3mico -que usualmente se re\u00fane todos los mi\u00e9rcoles en Casa de Gobierno, encabezado por el jefe de Gabinete, Santiago Cafiero- dise\u00f1\u00f3 el Ingreso Familiar de Emergencia (IFE) para el sector que no estaba registrado en la econom\u00eda formal, alcanzando a unas 9 millones de personas.<\/p>\n<p>Tambi\u00e9n, motoriz\u00f3 el Programa de Asistencia a la Producci\u00f3n (ATP), por el cual se asisti\u00f3 con la mitad del salario a las empresas privadas; as\u00ed como dos l\u00edneas de cr\u00e9ditos: una a tasa cero y otra del 24%, de modo de amortiguar el impacto econ\u00f3mico por las restricciones impuestas por la cuarentena obligatoria.<\/p>\n<p>Del encuentro con el jefe de Estado, adem\u00e1s de Cafiero, participaron la vicejefa de Gabinete, Cecilia Todesca; y los ministros de Econom\u00eda, Mart\u00edn Guzm\u00e1n; de Trabajo, Claudio Moroni; y de Desarrollo Productivo, Mat\u00edas Kulfas.<\/p>\n<p>Tambi\u00e9n asistieron los titulares del Banco Central, Miguel Pesce; de la AFIP, Mercedes Marc\u00f3 del Pont; y de la Anses, Fernanda Raverta.<\/p>\n","protected":false},"excerpt":{"rendered":"<p>El Presidente encabez\u00f3 la reuni\u00f3n con el gabinete econ\u00f3mico en la que se analizaron las medidas para mitigar los efectos de la pandemia de coronavirus &nbsp; &nbsp; El presidente Alberto Fern\u00e1ndez encabez\u00f3 este mi\u00e9rcoles en la residencia de Olivos la reuni\u00f3n del gabinete econ\u00f3mico, que viene definiendo las principales medidas para mitigar los efectos la pandemia de coronavirus. El encuentro se realiz\u00f3 en el marco del aislamiento social, preventivo y obligatorio con el objetivo de analizar y hacer un seguimiento de las medidas para mitigar los efectos de la pandemia&#8230;.<\/p>\n","protected":false},"author":3,"featured_media":63690,"comment_status":"closed","ping_status":"closed","sticky":false,"template":"","format":"standard","meta":[],"categories":[18],"tags":[],"_links":{"self":[{"href":"https:\/\/www.actualidadadiario.com\/index.php\/wp-json\/wp\/v2\/posts\/63689"}],"collection":[{"href":"https:\/\/www.actualidadadiario.com\/index.php\/wp-json\/wp\/v2\/posts"}],"about":[{"href":"https:\/\/www.actualidadadiario.com\/index.php\/wp-json\/wp\/v2\/types\/post"}],"author":[{"embeddable":true,"href":"https:\/\/www.actualidadadiario.com\/index.php\/wp-json\/wp\/v2\/users\/3"}],"replies":[{"embeddable":true,"href":"https:\/\/www.actualidadadiario.com\/index.php\/wp-json\/wp\/v2\/comments?post=63689"}],"version-history":[{"count":1,"href":"https:\/\/www.actualidadadiario.com\/index.php\/wp-json\/wp\/v2\/posts\/63689\/revisions"}],"predecessor-version":[{"id":63691,"href":"https:\/\/www.actualidadadiario.com\/index.php\/wp-json\/wp\/v2\/posts\/63689\/revisions\/63691"}],"wp:featuredmedia":[{"embeddable":true,"href":"https:\/\/www.actualidadadiario.com\/index.php\/wp-json\/wp\/v2\/media\/63690"}],"wp:attachment":[{"href":"https:\/\/www.actualidadadiario.com\/index.php\/wp-json\/wp\/v2\/media?parent=63689"}],"wp:term":[{"taxonomy":"category","embeddable":true,"href":"https:\/\/www.actualidadadiario.com\/index.php\/wp-json\/wp\/v2\/categories?post=63689"},{"taxonomy":"post_tag","embeddable":true,"href":"https:\/\/www.actualidadadiario.com\/index.php\/wp-json\/wp\/v2\/tags?post=63689"}],"curies":[{"name":"wp","href":"https:\/\/api.w.org\/{rel}","templated":true}]}}