{"id":63686,"date":"2020-07-02T12:33:36","date_gmt":"2020-07-02T15:33:36","guid":{"rendered":"https:\/\/www.actualidadadiario.com\/?p=63686"},"modified":"2020-07-02T12:33:36","modified_gmt":"2020-07-02T15:33:36","slug":"espionaje-ilegal-macri-preocupado-por-el-avance-de-la-causa","status":"publish","type":"post","link":"https:\/\/www.actualidadadiario.com\/index.php\/2020\/07\/02\/espionaje-ilegal-macri-preocupado-por-el-avance-de-la-causa\/","title":{"rendered":"Espionaje ilegal: Macri, preocupado por el avance de la causa"},"content":{"rendered":"<p style=\"text-align: center;\"><em><strong>Aunque mantiene un espeso silencio ante las novedades judiciales, Mauricio Macri est\u00e1 cada vez m\u00e1s preocupado por la causa por espionaje ilegal. O al menos eso denotan las voces que lo rodean. &#8220;Vienen por \u00e9l&#8221;, &#8220;es un ataque a Macri&#8221;, son algunas de las frases que se escuchan en su entorno con respecto a las detenciones y al allanamiento a su secretario Dar\u00edo Nieto, al que tambi\u00e9n le negaron la eximici\u00f3n de prisi\u00f3n<\/strong><\/em><\/p>\n<p>&nbsp;<\/p>\n<p>&nbsp;<\/p>\n<p>El ex presidente ya est\u00e1 preparando una estrategia legal con su abogado Pablo Lanusse, aunque de momento no se encuentra imputado en la causa. Hay quienes creen que primero ir\u00e1n por el ex secretario general de la Presidencia Fernando de Andreis. Si bien hasta ahora se mostraron unidos ante esta cuesti\u00f3n, quien empuja la defensa incondicional de ex presidente dentro del espacio es Patricia Bullrich junto al ala dura del PRO. Los dialoguistas la miran de lejos.<\/p>\n<p>Macri respondi\u00f3 por primera vez a la causa judicial con un comunicado el domingo pasado en el que, junto a algunos dirigentes de Juntos por el Cambio, afirm\u00f3 que la causa es un intento de desviar la atenci\u00f3n de los casos de corrupci\u00f3n de funcionarios kirchneristas. &#8220;Un sector del oficialismo parece enfocado en enrarecer el clima pol\u00edtico, con el aparente objetivo de conseguir la impunidad de ex funcionarios procesados o condenados por corrupci\u00f3n&#8221;, dec\u00eda el texto. Es lo que viene sosteniendo en privado hace tiempo: que la causa est\u00e1 &#8220;armada&#8221;, que &#8220;plantaron&#8221; a familiares suyos, y que sirve para apuntarle a \u00e9l nuevamente con el espionaje, como ocurri\u00f3 cuando estuvo procesado en 2009 cuando era jefe de Gobierno.<\/p>\n<p>El discurso sobre la persecuci\u00f3n pol\u00edtica se intensific\u00f3 en el c\u00edrculo de Macri no solo con las medidas en la causa de espionaje sino con el llamado a indagatoria de tres ex ministros de Cambiemos por la causa de peajes. &#8220;Alberto ven\u00eda diciendo que no iba a haber una persecuci\u00f3n pol\u00edtica y la persecuci\u00f3n hoy es bastante notoria: fueron por tres ex ministros y luego ir\u00e1n seguramente por Mauricio&#8221;, interpretaban en el ala &#8220;dialoguista&#8221; del PRO que tiende a mirar m\u00e1s a la distancia lo que sucede. De hecho, si bien sus principales referentes (Horacio Rodr\u00edguez Larreta y Mar\u00eda Eugenia Vidal) firmaron el comunicado de Macri, quien empuj\u00f3 a diestra y siniestra para reunir las voluntades -incluso metiendo a alguno sin consultarle- fue Bullrich.<\/p>\n<p>Y el ala dura es la que una y otra vez empuja para salir a defender al ex presidente. Bullrich ampli\u00f3 el planteo y sali\u00f3 a defender a conductores televisivos que podr\u00edan quedar implicados como consumidores de materiales del espionaje ilegal: &#8220;Sepan tambi\u00e9n que vamos a seguir defendiendo a los periodistas a los que hoy quieren convertir en esp\u00edas&#8221;, dijo la presidenta del PRO.<\/p>\n<p>Cerca de Macri, hacen eje en la figura de Dar\u00edo Nieto como v\u00edctima: dicen que eligieron a un &#8220;buen chico, humilde y trabajador&#8221;. El ex secretario presidencial sali\u00f3 a hablar del tema con el diario La Naci\u00f3n y dijo: &#8220;Esto no es un ataque contra m\u00ed, es un ataque contra Mauricio Macri y contra Juntos por el Cambio, contra nuestros valores, nuestra libertad y la Rep\u00fablica&#8221;. &#8220;Pongo las manos en el fuego por Macri. Yo en mi vida tuve una causa. Es la primera vez en mi vida que necesito un abogado&#8221;, afirm\u00f3. Se solidarizaron con \u00e9l otras dirigentes del ala dura, como la ex secretaria de Lucha contra la Corrupci\u00f3n Laura Alonso, quien asegur\u00f3: &#8220;La verdad siempre triunfa&#8221;.<\/p>\n<p>En el c\u00edrculo m\u00e1s cercano a Macri evitaron hablar de la situaci\u00f3n de Nieto en la causa (&#8220;es un tema legal&#8221;), pero ya el ex presidente deposit\u00f3 la estrategia judicial y medi\u00e1tica en manos de su abogado Pablo Lanusse, que tambi\u00e9n es el abogado de Juntos por el Cambio. Algunas versiones indicaban que ser\u00eda el vocero legal de Macri en esta cuesti\u00f3n. Este diario se comunic\u00f3 con Lanusse, que prefiri\u00f3 no hacer declaraciones.<\/p>\n<p>Los dirigentes que siguen cerca de Macri hablan de la causa como la primera estocada hacia el ex presidente. &#8220;Quieren atacar a Macri. No tengo dudas&#8221;, dec\u00eda un hombre que lo sigue tratando. E imaginan, por la dependencia funcional de quienes est\u00e1n siendo investigados, que el siguiente paso ser\u00e1 avanzar sobre Fernando de Andreis, el ex secretario general de la Presidencia.<\/p>\n<p>Incluso, la investigaci\u00f3n judicial despert\u00f3 especulaciones pol\u00edticas sobre si Macri no deber\u00eda ya comenzar a plantearse una candidatura a diputado el a\u00f1o pr\u00f3ximo para tener fueros. Si bien hay quien fogonea esto, el ex presidente a\u00fan no tom\u00f3 una decisi\u00f3n, habida cuenta de que no caer\u00eda bien ni entre los radicales ni en los sectores cercanos a Larreta. De todas formas, en plena pandemia, se trata de especulaciones que todav\u00eda est\u00e1n lejos de llegar a concretarse.<\/p>\n","protected":false},"excerpt":{"rendered":"<p>Aunque mantiene un espeso silencio ante las novedades judiciales, Mauricio Macri est\u00e1 cada vez m\u00e1s preocupado por la causa por espionaje ilegal. O al menos eso denotan las voces que lo rodean. &#8220;Vienen por \u00e9l&#8221;, &#8220;es un ataque a Macri&#8221;, son algunas de las frases que se escuchan en su entorno con respecto a las detenciones y al allanamiento a su secretario Dar\u00edo Nieto, al que tambi\u00e9n le negaron la eximici\u00f3n de prisi\u00f3n &nbsp; &nbsp; El ex presidente ya est\u00e1 preparando una estrategia legal con su abogado Pablo Lanusse, aunque&#8230;<\/p>\n","protected":false},"author":3,"featured_media":63687,"comment_status":"closed","ping_status":"closed","sticky":false,"template":"","format":"standard","meta":[],"categories":[9],"tags":[],"_links":{"self":[{"href":"https:\/\/www.actualidadadiario.com\/index.php\/wp-json\/wp\/v2\/posts\/63686"}],"collection":[{"href":"https:\/\/www.actualidadadiario.com\/index.php\/wp-json\/wp\/v2\/posts"}],"about":[{"href":"https:\/\/www.actualidadadiario.com\/index.php\/wp-json\/wp\/v2\/types\/post"}],"author":[{"embeddable":true,"href":"https:\/\/www.actualidadadiario.com\/index.php\/wp-json\/wp\/v2\/users\/3"}],"replies":[{"embeddable":true,"href":"https:\/\/www.actualidadadiario.com\/index.php\/wp-json\/wp\/v2\/comments?post=63686"}],"version-history":[{"count":1,"href":"https:\/\/www.actualidadadiario.com\/index.php\/wp-json\/wp\/v2\/posts\/63686\/revisions"}],"predecessor-version":[{"id":63688,"href":"https:\/\/www.actualidadadiario.com\/index.php\/wp-json\/wp\/v2\/posts\/63686\/revisions\/63688"}],"wp:featuredmedia":[{"embeddable":true,"href":"https:\/\/www.actualidadadiario.com\/index.php\/wp-json\/wp\/v2\/media\/63687"}],"wp:attachment":[{"href":"https:\/\/www.actualidadadiario.com\/index.php\/wp-json\/wp\/v2\/media?parent=63686"}],"wp:term":[{"taxonomy":"category","embeddable":true,"href":"https:\/\/www.actualidadadiario.com\/index.php\/wp-json\/wp\/v2\/categories?post=63686"},{"taxonomy":"post_tag","embeddable":true,"href":"https:\/\/www.actualidadadiario.com\/index.php\/wp-json\/wp\/v2\/tags?post=63686"}],"curies":[{"name":"wp","href":"https:\/\/api.w.org\/{rel}","templated":true}]}}