{"id":63683,"date":"2020-07-02T12:32:49","date_gmt":"2020-07-02T15:32:49","guid":{"rendered":"https:\/\/www.actualidadadiario.com\/?p=63683"},"modified":"2020-07-02T12:32:49","modified_gmt":"2020-07-02T15:32:49","slug":"alberto-llamo-a-la-unidad-del-mercosur-para-enfrentar-la-desigualdad-en-la-pospandemia","status":"publish","type":"post","link":"https:\/\/www.actualidadadiario.com\/index.php\/2020\/07\/02\/alberto-llamo-a-la-unidad-del-mercosur-para-enfrentar-la-desigualdad-en-la-pospandemia\/","title":{"rendered":"Alberto llam\u00f3 a la unidad del Mercosur para enfrentar la desigualdad en la pospandemia"},"content":{"rendered":"<p style=\"text-align: center;\"><em><strong>La Cumbre se celebra desde Paraguay en forma virtual, por teleconferencia, y en el transcurso de la cual ese pa\u00eds traspasar\u00e1 a Uruguay la presidencia pro t\u00e9mpore del bloque regional<\/strong><\/em><\/p>\n<p>&nbsp;<\/p>\n<p>&nbsp;<\/p>\n<p>El presidente Alberto Fern\u00e1ndez convoc\u00f3 hoy a la \u201cunidad\u201d de los pa\u00edses miembros del Mercosur para \u201cencontrar soluciones al mayor desaf\u00edo de la regi\u00f3n que es la desigualdad social\u201d, y plante\u00f3 que el panorama social y econ\u00f3mico internacional tras la pandemia por coronavirus brinda \u201cuna posibilidad de construir un mundo nuevo m\u00e1s justo\u201d.<\/p>\n<p>\u201cLos convoco a asumir el desaf\u00edo de debatir y trabajar para ver c\u00f3mo construimos un mundo m\u00e1s equilibrado y c\u00f3mo empezamos desde aqu\u00ed a poner fin a la desigualdad social que lastima d\u00eda a d\u00eda a Am\u00e9rica Latina\u201d, dijo Fern\u00e1ndez durante su discurso en la 56ta. Cumbre de Jefes de Estado del Mercosur, que se realiz\u00f3 desde Paraguay por teleconferencia.<\/p>\n<p>En su mensaje, el mandatario realiz\u00f3 un breve an\u00e1lisis de la situaci\u00f3n mundial por el coronavirus, al se\u00f1alar que \u201cel mundo se dio vuelta y la econom\u00eda integral est\u00e1 padeciendo como nunca se ha visto\u201d.<\/p>\n<p>\u201cM\u00e1s que nunca me convenzo de la necesidad de que integremos una regi\u00f3n \u00fanica en Am\u00e9rica latina\u201d, plante\u00f3.<\/p>\n<p>\u201cAm\u00e9rica latina est\u00e1 llamada a ser una reuni\u00f3n \u00fanica e integrada\u201d, reafirm\u00f3 Fern\u00e1ndez, al mismo tiempo que se\u00f1al\u00f3 que es la regi\u00f3n \u201ccon la mayor desigualdad social en el marco de la mayor crisis econ\u00f3mica mundial\u201d.<\/p>\n<p>Entre los objetivos para el Mercosur, Fern\u00e1ndez sostuvo la necesidad de que los integrantes &#8220;vean c\u00f3mo lograr que los desequilibrios y asimetr\u00edas desaparezcan&#8221; en el bloque &#8220;en favor de Uruguay y Paraguay, que necesitan tener un desarrollo tan pujante como Brasil y Argentina&#8221;.<\/p>\n<p>Asimismo habl\u00f3 de la necesidad de \u201cver c\u00f3mo nos integramos al mundo globalizado como regi\u00f3n, todos juntos, porque si cada pa\u00eds lo hace solo va a estar a atado a su suerte\u201d.<\/p>\n<p>\u201cEstoy aqu\u00ed para que nos unamos y trabajemos m\u00e1s juntos que nunca porque la historia nos ha puesto el desaf\u00edo de gobernar nuestros pa\u00edses en un tiempo de mucha enfermedad y desigualdad, pero tambi\u00e9n no da una oportunidad de construir algo diferente. Tenemos que estar m\u00e1s unidos que nunca\u201d, remarc\u00f3.<\/p>\n<p>Desde la residencia de Olivos, Alberto Fern\u00e1ndez les envi\u00f3 un mensaje a todos los l\u00edderes de la regi\u00f3n al afirmar que \u201cpensar el Mercosur significa entender que estamos obligados a buscar un destino com\u00fan, m\u00e1s all\u00e1 de lo que nosotros pensemos, porque son nuestros pueblos as\u00ed lo exigen\u201d.<\/p>\n","protected":false},"excerpt":{"rendered":"<p>La Cumbre se celebra desde Paraguay en forma virtual, por teleconferencia, y en el transcurso de la cual ese pa\u00eds traspasar\u00e1 a Uruguay la presidencia pro t\u00e9mpore del bloque regional &nbsp; &nbsp; El presidente Alberto Fern\u00e1ndez convoc\u00f3 hoy a la \u201cunidad\u201d de los pa\u00edses miembros del Mercosur para \u201cencontrar soluciones al mayor desaf\u00edo de la regi\u00f3n que es la desigualdad social\u201d, y plante\u00f3 que el panorama social y econ\u00f3mico internacional tras la pandemia por coronavirus brinda \u201cuna posibilidad de construir un mundo nuevo m\u00e1s justo\u201d. \u201cLos convoco a asumir el&#8230;<\/p>\n","protected":false},"author":3,"featured_media":63684,"comment_status":"closed","ping_status":"closed","sticky":false,"template":"","format":"standard","meta":[],"categories":[9],"tags":[],"_links":{"self":[{"href":"https:\/\/www.actualidadadiario.com\/index.php\/wp-json\/wp\/v2\/posts\/63683"}],"collection":[{"href":"https:\/\/www.actualidadadiario.com\/index.php\/wp-json\/wp\/v2\/posts"}],"about":[{"href":"https:\/\/www.actualidadadiario.com\/index.php\/wp-json\/wp\/v2\/types\/post"}],"author":[{"embeddable":true,"href":"https:\/\/www.actualidadadiario.com\/index.php\/wp-json\/wp\/v2\/users\/3"}],"replies":[{"embeddable":true,"href":"https:\/\/www.actualidadadiario.com\/index.php\/wp-json\/wp\/v2\/comments?post=63683"}],"version-history":[{"count":1,"href":"https:\/\/www.actualidadadiario.com\/index.php\/wp-json\/wp\/v2\/posts\/63683\/revisions"}],"predecessor-version":[{"id":63685,"href":"https:\/\/www.actualidadadiario.com\/index.php\/wp-json\/wp\/v2\/posts\/63683\/revisions\/63685"}],"wp:featuredmedia":[{"embeddable":true,"href":"https:\/\/www.actualidadadiario.com\/index.php\/wp-json\/wp\/v2\/media\/63684"}],"wp:attachment":[{"href":"https:\/\/www.actualidadadiario.com\/index.php\/wp-json\/wp\/v2\/media?parent=63683"}],"wp:term":[{"taxonomy":"category","embeddable":true,"href":"https:\/\/www.actualidadadiario.com\/index.php\/wp-json\/wp\/v2\/categories?post=63683"},{"taxonomy":"post_tag","embeddable":true,"href":"https:\/\/www.actualidadadiario.com\/index.php\/wp-json\/wp\/v2\/tags?post=63683"}],"curies":[{"name":"wp","href":"https:\/\/api.w.org\/{rel}","templated":true}]}}