{"id":63679,"date":"2020-07-02T12:30:55","date_gmt":"2020-07-02T15:30:55","guid":{"rendered":"https:\/\/www.actualidadadiario.com\/?p=63679"},"modified":"2020-07-02T12:30:55","modified_gmt":"2020-07-02T15:30:55","slug":"supermercadistas-aseguran-estar-comprometidos-a-continuar-con-precios-maximos","status":"publish","type":"post","link":"https:\/\/www.actualidadadiario.com\/index.php\/2020\/07\/02\/supermercadistas-aseguran-estar-comprometidos-a-continuar-con-precios-maximos\/","title":{"rendered":"Supermercadistas aseguran estar comprometidos a continuar con &#8220;Precios M\u00e1ximos&#8221;"},"content":{"rendered":"<p style=\"text-align: center;\"><em><strong>El presidente de la Federaci\u00f3n Argentina de Supermercados y Autoservicios, Victor Palpacelli, aval\u00f3 el programa y apunt\u00f3 a los proveedores por cortes de entrega y nuevas listas de precios en productos b\u00e1sicos como harinas y aceites<\/strong><\/em><\/p>\n<p>&nbsp;<\/p>\n<p>&nbsp;<\/p>\n<p>El presidente de la Federaci\u00f3n Argentina de Supermercados y Autoservicios, V\u00edctor Palpacelli, asegur\u00f3 hoy que los supermercados est\u00e1n &#8220;comprometidos a continuar&#8221; con el programa de Precios M\u00e1ximos, y apunt\u00f3 a proveedores por cortes de entrega y nuevas listas de precios en productos b\u00e1sicos como harinas y aceites.<\/p>\n<p>&#8220;Nosotros nos hemos comprometido a continuar con este programa; necesitamos que los proveedores no modifiquen precios ni cupos porque todo eso hace a modificar el precio base y nos obliga a no poder cumplir con el programa&#8221;, dijo Palpacelli en di\u00e1logo con Radio Continental.<\/p>\n<p>Explic\u00f3 que los supermercados &#8220;estamos preocupados por algunos cortes de entrega por decisiones de algunas industrias o empresas que est\u00e1n relacionados con productos de consumo masivo como harinas y aceites, productos b\u00e1sicos que hoy en la mayor\u00eda de las cadenas regionales los tenemos cuotificados (con cupo limitado)&#8221;.<\/p>\n<p>&#8220;Algunas empresas, la mayor\u00eda en estas categor\u00edas, han presentado algunas listas con modificaciones de precios y las cadenas nos vemos impedidas de aceptar estos productos porque queremos cumplir con las resoluciones que nos obligan a conservar los precios al 6 de marzo&#8221;, sostuvo.<\/p>\n<p>Dijo que &#8220;los argumentos de las empresas proveedoras y las industrias son variados, modificaci\u00f3n del d\u00f3lar oficial, aumento de costos operativos producto de la pandemia, aumento del personal contratado producto de los licenciados&#8221;.<\/p>\n<p>&#8220;Son distintos argumentos que yo no objeto ni pongo en tela de juicio pero sabemos que est\u00e1n en di\u00e1logo con el Ministerio de Desarrollo Productivo, as\u00ed que esperemos que todo esto llegue a un acuerdo para poder transmitir tranquilidad al consumidor&#8221;, concluy\u00f3.<\/p>\n","protected":false},"excerpt":{"rendered":"<p>El presidente de la Federaci\u00f3n Argentina de Supermercados y Autoservicios, Victor Palpacelli, aval\u00f3 el programa y apunt\u00f3 a los proveedores por cortes de entrega y nuevas listas de precios en productos b\u00e1sicos como harinas y aceites &nbsp; &nbsp; El presidente de la Federaci\u00f3n Argentina de Supermercados y Autoservicios, V\u00edctor Palpacelli, asegur\u00f3 hoy que los supermercados est\u00e1n &#8220;comprometidos a continuar&#8221; con el programa de Precios M\u00e1ximos, y apunt\u00f3 a proveedores por cortes de entrega y nuevas listas de precios en productos b\u00e1sicos como harinas y aceites. &#8220;Nosotros nos hemos comprometido a&#8230;<\/p>\n","protected":false},"author":3,"featured_media":54103,"comment_status":"closed","ping_status":"closed","sticky":false,"template":"","format":"standard","meta":[],"categories":[2],"tags":[],"_links":{"self":[{"href":"https:\/\/www.actualidadadiario.com\/index.php\/wp-json\/wp\/v2\/posts\/63679"}],"collection":[{"href":"https:\/\/www.actualidadadiario.com\/index.php\/wp-json\/wp\/v2\/posts"}],"about":[{"href":"https:\/\/www.actualidadadiario.com\/index.php\/wp-json\/wp\/v2\/types\/post"}],"author":[{"embeddable":true,"href":"https:\/\/www.actualidadadiario.com\/index.php\/wp-json\/wp\/v2\/users\/3"}],"replies":[{"embeddable":true,"href":"https:\/\/www.actualidadadiario.com\/index.php\/wp-json\/wp\/v2\/comments?post=63679"}],"version-history":[{"count":1,"href":"https:\/\/www.actualidadadiario.com\/index.php\/wp-json\/wp\/v2\/posts\/63679\/revisions"}],"predecessor-version":[{"id":63680,"href":"https:\/\/www.actualidadadiario.com\/index.php\/wp-json\/wp\/v2\/posts\/63679\/revisions\/63680"}],"wp:featuredmedia":[{"embeddable":true,"href":"https:\/\/www.actualidadadiario.com\/index.php\/wp-json\/wp\/v2\/media\/54103"}],"wp:attachment":[{"href":"https:\/\/www.actualidadadiario.com\/index.php\/wp-json\/wp\/v2\/media?parent=63679"}],"wp:term":[{"taxonomy":"category","embeddable":true,"href":"https:\/\/www.actualidadadiario.com\/index.php\/wp-json\/wp\/v2\/categories?post=63679"},{"taxonomy":"post_tag","embeddable":true,"href":"https:\/\/www.actualidadadiario.com\/index.php\/wp-json\/wp\/v2\/tags?post=63679"}],"curies":[{"name":"wp","href":"https:\/\/api.w.org\/{rel}","templated":true}]}}