{"id":63670,"date":"2020-07-02T12:28:26","date_gmt":"2020-07-02T15:28:26","guid":{"rendered":"https:\/\/www.actualidadadiario.com\/?p=63670"},"modified":"2020-07-02T12:28:26","modified_gmt":"2020-07-02T15:28:26","slug":"la-rioja-busca-convertirse-en-un-polo-de-desarrollo-y-exportacion-de-cannabis","status":"publish","type":"post","link":"https:\/\/www.actualidadadiario.com\/index.php\/2020\/07\/02\/la-rioja-busca-convertirse-en-un-polo-de-desarrollo-y-exportacion-de-cannabis\/","title":{"rendered":"La Rioja busca convertirse en un polo de desarrollo y exportaci\u00f3n de cannabis"},"content":{"rendered":"<p style=\"text-align: center;\"><em><strong>El gobernador, Ricardo Quintela, dijo que buscan que la iniciativa &#8220;permita el ingreso de divisas&#8221; a la provincia. El proyecto fue debatido en una videoconferencia por miembros del Ejecutivo nacional y provincial, integrantes del Conicet y de la Universidad Nacional de La Plata<\/strong><\/em><\/p>\n<p>&nbsp;<\/p>\n<p>&nbsp;<\/p>\n<p>La Rioja busca convertirse en un &#8220;polo de desarrollo y exportaci\u00f3n&#8221; de cannabis medicinal que &#8220;permita ingreso de divisas&#8221; a la provincia, asegur\u00f3 el gobernador Ricardo Quintela.<\/p>\n<p>&#8220;El proyecto se realizar\u00e1 no solo por el aspecto agropecuario y medicinal, sino tambi\u00e9n como una posibilidad cierta de un desarrollo importante para La Rioja y al mismo tiempo contribuir con la Naci\u00f3n con un polo de desarrollo y exportaci\u00f3n que permita ingreso de divisas&#8221;, dijo hoy el gobernador a la prensa local.<\/p>\n<p>Quintela habl\u00f3 luego de haber encabezado el martes una videoconferencia donde participaron miembros del Ejecutivo nacional y provincial, integrantes del Conicet y de la Universidad Nacional de La Plata para debatir sobre el proyecto de producci\u00f3n y comercializaci\u00f3n de cannabis con fines medicinales que el gobernador impulsa en La Rioja.<\/p>\n<p>Al respecto, Quintela se\u00f1al\u00f3 que &#8220;a fines de enero tomamos la decisi\u00f3n pol\u00edtica de avanzar con el desarrollo de este producto que es el cannabis de uso medicinal&#8221;.<\/p>\n<p>Luego manifest\u00f3 que &#8220;daremos desde el Gobierno de La Rioja todo el apoyo para su desarrollo, no solamente en lo que hace a lo pol\u00edtico e institucional sino tambi\u00e9n a lo econ\u00f3mico, ya que muchas veces es lo que falta para que se pueda desarrollar esta actividad industrial medicinal&#8221;.<\/p>\n<p>Por \u00faltimo, Quintela expres\u00f3: &#8220;Esperamos que este proyecto se pueda concretar lo m\u00e1s r\u00e1pido posible ya que lamentablemente lo que nos atras\u00f3 a nosotros en nuestro proyecto y en nuestro plan de gobierno, como a todo el pa\u00eds y el planeta fue la pandemia&#8221;.<\/p>\n<p>El ministro de Producci\u00f3n y Ambiente, Fernando Rejal, quien tambi\u00e9n particip\u00f3 de la videoconferencia con la Naci\u00f3n, record\u00f3 que &#8220;la Provincia desde hace tiempo trabaja en el desarrollo de este proyecto a trav\u00e9s de la empresa del Estado &#8216;Agrogen\u00e9tica Riojana'&#8221;.<\/p>\n<p>El ministro tambi\u00e9n dijo que &#8220;el proyecto cuenta con todas las factibilidades porque en La Rioja tenemos un laboratorio donde se hizo una inversi\u00f3n muy importante para el desarrollo de biotecnolog\u00eda, y adem\u00e1s porque nuestro proyecto es uno de los m\u00e1s integrales&#8221;.<\/p>\n","protected":false},"excerpt":{"rendered":"<p>El gobernador, Ricardo Quintela, dijo que buscan que la iniciativa &#8220;permita el ingreso de divisas&#8221; a la provincia. El proyecto fue debatido en una videoconferencia por miembros del Ejecutivo nacional y provincial, integrantes del Conicet y de la Universidad Nacional de La Plata &nbsp; &nbsp; La Rioja busca convertirse en un &#8220;polo de desarrollo y exportaci\u00f3n&#8221; de cannabis medicinal que &#8220;permita ingreso de divisas&#8221; a la provincia, asegur\u00f3 el gobernador Ricardo Quintela. &#8220;El proyecto se realizar\u00e1 no solo por el aspecto agropecuario y medicinal, sino tambi\u00e9n como una posibilidad cierta&#8230;<\/p>\n","protected":false},"author":3,"featured_media":63671,"comment_status":"closed","ping_status":"closed","sticky":false,"template":"","format":"standard","meta":[],"categories":[2],"tags":[],"_links":{"self":[{"href":"https:\/\/www.actualidadadiario.com\/index.php\/wp-json\/wp\/v2\/posts\/63670"}],"collection":[{"href":"https:\/\/www.actualidadadiario.com\/index.php\/wp-json\/wp\/v2\/posts"}],"about":[{"href":"https:\/\/www.actualidadadiario.com\/index.php\/wp-json\/wp\/v2\/types\/post"}],"author":[{"embeddable":true,"href":"https:\/\/www.actualidadadiario.com\/index.php\/wp-json\/wp\/v2\/users\/3"}],"replies":[{"embeddable":true,"href":"https:\/\/www.actualidadadiario.com\/index.php\/wp-json\/wp\/v2\/comments?post=63670"}],"version-history":[{"count":1,"href":"https:\/\/www.actualidadadiario.com\/index.php\/wp-json\/wp\/v2\/posts\/63670\/revisions"}],"predecessor-version":[{"id":63672,"href":"https:\/\/www.actualidadadiario.com\/index.php\/wp-json\/wp\/v2\/posts\/63670\/revisions\/63672"}],"wp:featuredmedia":[{"embeddable":true,"href":"https:\/\/www.actualidadadiario.com\/index.php\/wp-json\/wp\/v2\/media\/63671"}],"wp:attachment":[{"href":"https:\/\/www.actualidadadiario.com\/index.php\/wp-json\/wp\/v2\/media?parent=63670"}],"wp:term":[{"taxonomy":"category","embeddable":true,"href":"https:\/\/www.actualidadadiario.com\/index.php\/wp-json\/wp\/v2\/categories?post=63670"},{"taxonomy":"post_tag","embeddable":true,"href":"https:\/\/www.actualidadadiario.com\/index.php\/wp-json\/wp\/v2\/tags?post=63670"}],"curies":[{"name":"wp","href":"https:\/\/api.w.org\/{rel}","templated":true}]}}