{"id":63664,"date":"2020-07-02T12:26:49","date_gmt":"2020-07-02T15:26:49","guid":{"rendered":"https:\/\/www.actualidadadiario.com\/?p=63664"},"modified":"2020-07-02T12:26:49","modified_gmt":"2020-07-02T15:26:49","slug":"el-consejo-federal-de-educacion-trata-el-protocolo-para-la-vuelta-a-clases","status":"publish","type":"post","link":"https:\/\/www.actualidadadiario.com\/index.php\/2020\/07\/02\/el-consejo-federal-de-educacion-trata-el-protocolo-para-la-vuelta-a-clases\/","title":{"rendered":"El Consejo Federal de Educaci\u00f3n trata el protocolo para la vuelta a clases"},"content":{"rendered":"<p style=\"text-align: center;\"><em><strong>El Consejo Federal de Educaci\u00f3n, con la participaci\u00f3n de los ministros de las 24 provincias, se reunir\u00e1 este jueves en asamblea para tratar la aprobaci\u00f3n de los protocolos m\u00ednimos y obligatorios para la vuelta progresiva de las clases presenciales, cuando la situaci\u00f3n epidemiol\u00f3gica lo permita. El documento, que se nutre de las experiencias de otros pa\u00edses y contempla las realidades espec\u00edficas de cada regi\u00f3n, fue presentado por el ministro Nicol\u00e1s Trotta junto con el consejo asesor creado ad hoc, y cuenta con un amplio consenso entre las provincias que participaron en su elaboraci\u00f3n<\/strong><\/em><\/p>\n<p>&nbsp;<\/p>\n<p>&nbsp;<\/p>\n<p>El acuerdo federal que tratar\u00e1n los ministros prev\u00e9 dos instancias: una anterior a la apertura de las escuelas para garantizar las condiciones sanitarias y de higiene necesarias, y otra para cuando los establecimientos est\u00e9n en funcionamiento. En ese \u00faltimo rubro se incluyen medidas como el uso obligatorio de tapabocas, el mantenimiento de distancia interpersonal, aulas con pocos estudiantes y concurrencia con un sistema mixto: los alumnos ir\u00e1n algunos d\u00edas a la escuela y otros d\u00edas seguir\u00e1n estudiando desde sus hogares.<\/p>\n<p>Gobernadores de regiones donde la situaci\u00f3n sanitaria es menos comprometida por la pandemia delinean el regreso gradual a las aulas, en principio, para despu\u00e9s de las vacaciones de invierno, es decir a partir de agosto. Para ese mes en Salta analizan la vuelta a clases de alumnos de quinto a\u00f1o del secundario, mientras que en septiembre volver\u00edan en s\u00e9ptimo del primario. En Jujuy, que hab\u00eda iniciado el plan de represo presencial en escuelas de zonas sin conectividad, se dio marcha atr\u00e1s por la detecci\u00f3n de m\u00faltiples casos de coronavirus. En Santa Fe analizaban recomenzar la actividad en localidades peque\u00f1as pero la aparici\u00f3n de nuevos focos tambi\u00e9n lo posterg\u00f3. En Chubut se trabaja para volver en septiembre. En C\u00f3rdoba, el Centro de Operaciones de Emergencia trabaja en la definici\u00f3n de un protocolo sanitario y la \u00fanica certeza es que en una primera etapa convivir\u00e1 la modalidad presencial con la virtual.<\/p>\n","protected":false},"excerpt":{"rendered":"<p>El Consejo Federal de Educaci\u00f3n, con la participaci\u00f3n de los ministros de las 24 provincias, se reunir\u00e1 este jueves en asamblea para tratar la aprobaci\u00f3n de los protocolos m\u00ednimos y obligatorios para la vuelta progresiva de las clases presenciales, cuando la situaci\u00f3n epidemiol\u00f3gica lo permita. El documento, que se nutre de las experiencias de otros pa\u00edses y contempla las realidades espec\u00edficas de cada regi\u00f3n, fue presentado por el ministro Nicol\u00e1s Trotta junto con el consejo asesor creado ad hoc, y cuenta con un amplio consenso entre las provincias que participaron&#8230;<\/p>\n","protected":false},"author":3,"featured_media":63665,"comment_status":"closed","ping_status":"closed","sticky":false,"template":"","format":"standard","meta":[],"categories":[9],"tags":[],"_links":{"self":[{"href":"https:\/\/www.actualidadadiario.com\/index.php\/wp-json\/wp\/v2\/posts\/63664"}],"collection":[{"href":"https:\/\/www.actualidadadiario.com\/index.php\/wp-json\/wp\/v2\/posts"}],"about":[{"href":"https:\/\/www.actualidadadiario.com\/index.php\/wp-json\/wp\/v2\/types\/post"}],"author":[{"embeddable":true,"href":"https:\/\/www.actualidadadiario.com\/index.php\/wp-json\/wp\/v2\/users\/3"}],"replies":[{"embeddable":true,"href":"https:\/\/www.actualidadadiario.com\/index.php\/wp-json\/wp\/v2\/comments?post=63664"}],"version-history":[{"count":1,"href":"https:\/\/www.actualidadadiario.com\/index.php\/wp-json\/wp\/v2\/posts\/63664\/revisions"}],"predecessor-version":[{"id":63666,"href":"https:\/\/www.actualidadadiario.com\/index.php\/wp-json\/wp\/v2\/posts\/63664\/revisions\/63666"}],"wp:featuredmedia":[{"embeddable":true,"href":"https:\/\/www.actualidadadiario.com\/index.php\/wp-json\/wp\/v2\/media\/63665"}],"wp:attachment":[{"href":"https:\/\/www.actualidadadiario.com\/index.php\/wp-json\/wp\/v2\/media?parent=63664"}],"wp:term":[{"taxonomy":"category","embeddable":true,"href":"https:\/\/www.actualidadadiario.com\/index.php\/wp-json\/wp\/v2\/categories?post=63664"},{"taxonomy":"post_tag","embeddable":true,"href":"https:\/\/www.actualidadadiario.com\/index.php\/wp-json\/wp\/v2\/tags?post=63664"}],"curies":[{"name":"wp","href":"https:\/\/api.w.org\/{rel}","templated":true}]}}